{"id":46506,"date":"2023-06-30T12:02:06","date_gmt":"2023-06-30T16:02:06","guid":{"rendered":"https:\/\/veneportal.com\/noticias\/2023\/06\/30\/la-recesion-en-alemania-hace-subir-el-desempleo-en-junio\/"},"modified":"2023-06-30T12:02:06","modified_gmt":"2023-06-30T16:02:06","slug":"la-recesion-en-alemania-hace-subir-el-desempleo-en-junio","status":"publish","type":"post","link":"https:\/\/veneportal.com\/noticias\/2023\/06\/30\/la-recesion-en-alemania-hace-subir-el-desempleo-en-junio\/","title":{"rendered":"La recesi\u00f3n en Alemania hace subir el desempleo en junio"},"content":{"rendered":"<p>La oficina para el empleo de Alemania inform\u00f3 que la cifra de desempleados aument\u00f3 en 28.000 en un mes.La tasa de desempleo en Alemania aument\u00f3 ligeramente en junio, debido a la baja actividad en la primera econom\u00eda europea, indic\u00f3 el viernes (30.06.2023) la oficina para el empleo.<\/p>\n<p>La tasa se situ\u00f3 en 5,7%, seg\u00fan datos corregidos de estacionalidad, una d\u00e9cima por encima de la cifra de mayo, precis\u00f3 la oficina.<\/p>\n<p>El n\u00famero de desempleados aument\u00f3 en 28.000 en un mes, seg\u00fan la misma fuente, casi el triple de los que pronosticaban los analistas consultados por Factset.<\/p>\n<p>&#8220;Ahora sentimos los efectos de las condiciones econ\u00f3micas m\u00e1s dif\u00edciles en el mercado laboral: el desempleo aumenta y el crecimiento del empleo pierde fuelle&#8221;, coment\u00f3 la presidenta de la agencia para el empleo, Andrea Nahles, en un comunicado.<\/p>\n<p>Alemania, que cay\u00f3 en recesi\u00f3n este invierno boreal, podr\u00eda terminar el a\u00f1o en n\u00fameros rojos. Los principales organismos econ\u00f3micos y el Fondo Monetario Internacional vaticinan un retroceso entre 0,2 y 0,4%.<\/p>\n<p>ct (afp, ntv)<\/p>\n<div class=\"venep-after-content venep-entity-placement\" id=\"venep-1200131108\"><div id=\"venep-1511078998\"><script async src=\"https:\/\/pagead2.googlesyndication.com\/pagead\/js\/adsbygoogle.js?client=ca-pub-5862940809620110\"\r\n     crossorigin=\"anonymous\"><\/script>\r\n<ins class=\"adsbygoogle\"\r\n     style=\"display:block\"\r\n     data-ad-format=\"fluid\"\r\n     data-ad-layout-key=\"-6t+ed+2i-1n-4w\"\r\n     data-ad-client=\"ca-pub-5862940809620110\"\r\n     data-ad-slot=\"7946604715\"><\/ins>\r\n<script>\r\n     (adsbygoogle = window.adsbygoogle || []).push({});\r\n<\/script><\/div><\/div>","protected":false},"excerpt":{"rendered":"<p>La oficina para el empleo de Alemania inform\u00f3 que la cifra de desempleados aument\u00f3 en 28.000 en un mes.La tasa de desempleo en Alemania aument\u00f3 ligeramente en junio, debido a&hellip; <\/p>\n","protected":false},"author":505,"featured_media":46507,"comment_status":"open","ping_status":"open","sticky":false,"template":"","format":"standard","meta":{"footnotes":""},"categories":[85],"tags":[],"class_list":["post-46506","post","type-post","status-publish","format-standard","has-post-thumbnail","hentry","category-politica"],"_links":{"self":[{"href":"https:\/\/veneportal.com\/noticias\/wp-json\/wp\/v2\/posts\/46506","targetHints":{"allow":["GET"]}}],"collection":[{"href":"https:\/\/veneportal.com\/noticias\/wp-json\/wp\/v2\/posts"}],"about":[{"href":"https:\/\/veneportal.com\/noticias\/wp-json\/wp\/v2\/types\/post"}],"author":[{"embeddable":true,"href":"https:\/\/veneportal.com\/noticias\/wp-json\/wp\/v2\/users\/505"}],"replies":[{"embeddable":true,"href":"https:\/\/veneportal.com\/noticias\/wp-json\/wp\/v2\/comments?post=46506"}],"version-history":[{"count":0,"href":"https:\/\/veneportal.com\/noticias\/wp-json\/wp\/v2\/posts\/46506\/revisions"}],"wp:featuredmedia":[{"embeddable":true,"href":"https:\/\/veneportal.com\/noticias\/wp-json\/wp\/v2\/media\/46507"}],"wp:attachment":[{"href":"https:\/\/veneportal.com\/noticias\/wp-json\/wp\/v2\/media?parent=46506"}],"wp:term":[{"taxonomy":"category","embeddable":true,"href":"https:\/\/veneportal.com\/noticias\/wp-json\/wp\/v2\/categories?post=46506"},{"taxonomy":"post_tag","embeddable":true,"href":"https:\/\/veneportal.com\/noticias\/wp-json\/wp\/v2\/tags?post=46506"}],"curies":[{"name":"wp","href":"https:\/\/api.w.org\/{rel}","templated":true}]}}