{"id":4591,"date":"2021-08-31T17:43:28","date_gmt":"2021-08-31T21:43:28","guid":{"rendered":"https:\/\/veneportal.com\/noticias\/2021\/08\/31\/la-ops-hace-un-llamado-de-atencion-para-aumenta-la-produccion-de-vacunas-en-latinoamerica\/"},"modified":"2021-08-31T17:51:10","modified_gmt":"2021-08-31T21:51:10","slug":"la-ops-hace-un-llamado-de-atencion-para-aumenta-la-produccion-de-vacunas-en-latinoamerica","status":"publish","type":"post","link":"https:\/\/veneportal.com\/noticias\/2021\/08\/31\/la-ops-hace-un-llamado-de-atencion-para-aumenta-la-produccion-de-vacunas-en-latinoamerica\/","title":{"rendered":"La OPS hace un llamado de atenci\u00f3n para aumentar la producci\u00f3n de vacunas en Latinoam\u00e9rica"},"content":{"rendered":"<p>La directora de la Organizaci\u00f3n Panamericana de la Salud (OPS), Carissa F. Etienne, indic\u00f3 que la grave escasez de vacunas contra la COVID-19 en Am\u00e9rica Latina y el Caribe es una &#8220;llamada de atenci\u00f3n&#8221; para aumentar la producci\u00f3n de vacunas y anunci\u00f3 una nueva plataforma para alcanzar tal objetivo.<\/p>\n<p>&#8220;Esta semana, la OPS iniciar\u00e1 una plataforma para impulsar los esfuerzos de fabricaci\u00f3n de vacunas , comenzando con la primera de una serie de reuniones para promover una mayor coordinaci\u00f3n entre los pa\u00edses e incorporar socios tanto p\u00fablicos como privados para convertir esta idea en realidad&#8221;, afirm\u00f3 la doctora Etienne durante la sesi\u00f3n informativa semanal de la OPS.<\/p>\n<p>Al explicar el prop\u00f3sito de la nueva plataforma, la directora de la OPS subray\u00f3 que &#8220;la producci\u00f3n limitada y la distribuci\u00f3n desigual de las vacunas&#8221; comprometen la respuesta a la pandemia en la regi\u00f3n y &#8220;ponen en muy alto riesgo la salud p\u00fablica&#8221;. La dependencia hacia las importaciones hace que Am\u00e9rica Latina y el Caribe sean m\u00e1s vulnerables, a\u00f1adi\u00f3. &#8220;Nuestra regi\u00f3n importa diez veces m\u00e1s productos farmac\u00e9uticos de los que producimos&#8221;.\u00a0<\/p>\n<p>&#8220;Creo que la actual crisis de vacunaci\u00f3n contra la COVID-19 debe ser una llamada de atenci\u00f3n para que ampliemos la producci\u00f3n farmac\u00e9utica regional y podamos estar al frente de nuestras propias respuestas a la pandemia&#8221;, agreg\u00f3.<\/p>\n<p>Asimismo, el pasado 27 de agosto\u00a0 l\u00edderes de instituciones financieras mundiales, gobiernos y organismos de salud p\u00fablica se reunieron para discutir sobre la plataforma, la cual fomentar\u00e1 la investigaci\u00f3n e incentivar\u00e1 el desarrollo y la fabricaci\u00f3n de tecnolog\u00edas de salud.<\/p>\n<p>La doctora Etienne destac\u00f3 que &#8220;la OPS ya est\u00e1 encabezando iniciativas para ayudar a reducir nuestra dependencia de las importaciones farmac\u00e9uticas&#8221;.<\/p>\n<p>La OPS\u00a0est\u00e1 trabajando con la Organizaci\u00f3n Mundial de la Salud (OMS)\u00a0y sus socios para introducir en la regi\u00f3n la tecnolog\u00eda ARNm de vacunas, que es altamente eficaz. Hasta ahora, m\u00e1s de 30 empresas e instituciones p\u00fablicas y privadas han expresado su deseo de participar en la transferencia de tecnolog\u00eda, y la OPS est\u00e1 en el &#8220;proceso de identificar las propuestas m\u00e1s prometedoras&#8221;, manifest\u00f3 Etienne.<\/p>\n<p>El objetivo es aprovechar las capacidades de producci\u00f3n existentes que puedan contribuir a la fabricaci\u00f3n de vacunas ARNm en las Am\u00e9ricas. La visi\u00f3n es poder beneficiar a toda la regi\u00f3n, con una producci\u00f3n farmac\u00e9utica regional y una distribuci\u00f3n de vacunas por parte del Fondo Rotatorio de la OPS a todos los pa\u00edses.<\/p>\n<p>S\u00f3lo alrededor del 23% de la poblaci\u00f3n de Am\u00e9rica Latina y el Caribe ha completado su esquema de vacunaci\u00f3n y en muchos pa\u00edses la cobertura es mucho menor. &#8220;Al igual que los fabricantes se adaptaron r\u00e1pidamente para producir algunos de los equipos de protecci\u00f3n personal y ventiladores que nuestra regi\u00f3n necesitaba en los primeros momentos de la pandemia, debemos llevar el mismo esp\u00edritu de colaboraci\u00f3n a la producci\u00f3n de vacunas en la regi\u00f3n&#8221;, expres\u00f3 la directora de la OPS.<\/p>\n<p>Recalcando que la inversi\u00f3n es clave, la doctora Etienne refiri\u00f3 que el Banco Interamericano de Desarrollo, el Banco Mundial y otros socios ya han expresado su deseo de ayudar a las Am\u00e9ricas a ampliar su producci\u00f3n farmac\u00e9utica.<\/p>\n<p>&#8220;Los valores de panamericanismo y solidaridad de la regi\u00f3n pueden ayudarnos a fortalecer la producci\u00f3n farmac\u00e9utica&#8221;, se\u00f1al\u00f3. &#8220;Las inversiones que hagamos hoy no s\u00f3lo nos ayudar\u00e1n a superar esta pandemia m\u00e1s r\u00e1pidamente, sino que tambi\u00e9n sentar\u00e1n las bases para hacer frente a futuras crisis sanitarias, as\u00ed que no tenemos tiempo que perder&#8221;.<\/p>\n<div class=\"venep-after-content venep-entity-placement\" id=\"venep-1174199830\"><div id=\"venep-567331517\"><a href=\"https:\/\/veneportal.com\/como-aparecer-en-google\/\" aria-label=\"como-se-beneficia-directorio-espana-flag\"><img src=\"https:\/\/veneportal.com\/noticias\/wp-content\/uploads\/sites\/2\/2021\/03\/como-se-beneficia-directorio-espana-flag.jpg\" alt=\"\"  srcset=\"https:\/\/veneportal.com\/noticias\/wp-content\/uploads\/sites\/2\/2021\/03\/como-se-beneficia-directorio-espana-flag.jpg 1747w, https:\/\/veneportal.com\/noticias\/wp-content\/uploads\/sites\/2\/2021\/03\/como-se-beneficia-directorio-espana-flag-300x213.jpg 300w, https:\/\/veneportal.com\/noticias\/wp-content\/uploads\/sites\/2\/2021\/03\/como-se-beneficia-directorio-espana-flag-1024x727.jpg 1024w, https:\/\/veneportal.com\/noticias\/wp-content\/uploads\/sites\/2\/2021\/03\/como-se-beneficia-directorio-espana-flag-768x545.jpg 768w, https:\/\/veneportal.com\/noticias\/wp-content\/uploads\/sites\/2\/2021\/03\/como-se-beneficia-directorio-espana-flag-1536x1090.jpg 1536w, https:\/\/veneportal.com\/noticias\/wp-content\/uploads\/sites\/2\/2021\/03\/como-se-beneficia-directorio-espana-flag-600x426.jpg 600w\" sizes=\"(max-width: 1747px) 100vw, 1747px\" width=\"1747\" height=\"1240\"   \/><\/a><\/div><\/div>","protected":false},"excerpt":{"rendered":"<p>La directora de la Organizaci\u00f3n Panamericana de la Salud (OPS), Carissa F. Etienne, indic\u00f3 que la grave escasez de vacunas contra la COVID-19 en Am\u00e9rica Latina y el Caribe es&hellip; <\/p>\n","protected":false},"author":59,"featured_media":4590,"comment_status":"open","ping_status":"open","sticky":false,"template":"","format":"standard","meta":{"footnotes":""},"categories":[69],"tags":[],"class_list":["post-4591","post","type-post","status-publish","format-standard","has-post-thumbnail","hentry","category-salud"],"_links":{"self":[{"href":"https:\/\/veneportal.com\/noticias\/wp-json\/wp\/v2\/posts\/4591","targetHints":{"allow":["GET"]}}],"collection":[{"href":"https:\/\/veneportal.com\/noticias\/wp-json\/wp\/v2\/posts"}],"about":[{"href":"https:\/\/veneportal.com\/noticias\/wp-json\/wp\/v2\/types\/post"}],"author":[{"embeddable":true,"href":"https:\/\/veneportal.com\/noticias\/wp-json\/wp\/v2\/users\/59"}],"replies":[{"embeddable":true,"href":"https:\/\/veneportal.com\/noticias\/wp-json\/wp\/v2\/comments?post=4591"}],"version-history":[{"count":2,"href":"https:\/\/veneportal.com\/noticias\/wp-json\/wp\/v2\/posts\/4591\/revisions"}],"predecessor-version":[{"id":4593,"href":"https:\/\/veneportal.com\/noticias\/wp-json\/wp\/v2\/posts\/4591\/revisions\/4593"}],"wp:featuredmedia":[{"embeddable":true,"href":"https:\/\/veneportal.com\/noticias\/wp-json\/wp\/v2\/media\/4590"}],"wp:attachment":[{"href":"https:\/\/veneportal.com\/noticias\/wp-json\/wp\/v2\/media?parent=4591"}],"wp:term":[{"taxonomy":"category","embeddable":true,"href":"https:\/\/veneportal.com\/noticias\/wp-json\/wp\/v2\/categories?post=4591"},{"taxonomy":"post_tag","embeddable":true,"href":"https:\/\/veneportal.com\/noticias\/wp-json\/wp\/v2\/tags?post=4591"}],"curies":[{"name":"wp","href":"https:\/\/api.w.org\/{rel}","templated":true}]}}