{"id":45460,"date":"2023-06-08T12:00:05","date_gmt":"2023-06-08T16:00:05","guid":{"rendered":"https:\/\/veneportal.com\/noticias\/2023\/06\/08\/hombre-hiere-a-cuatro-ninos-en-un-ataque-con-cuchillo-en-francia\/"},"modified":"2023-06-08T12:00:05","modified_gmt":"2023-06-08T16:00:05","slug":"hombre-hiere-a-cuatro-ninos-en-un-ataque-con-cuchillo-en-francia","status":"publish","type":"post","link":"https:\/\/veneportal.com\/noticias\/2023\/06\/08\/hombre-hiere-a-cuatro-ninos-en-un-ataque-con-cuchillo-en-francia\/","title":{"rendered":"Hombre hiere a cuatro ni\u00f1os en un ataque con cuchillo en Francia"},"content":{"rendered":"<p>El atacante, identificado inicialmente como un solicitante de asilo de origen sirio, agredi\u00f3 a los menores en un parque en la regi\u00f3n de los Alpes. Emmanuel Macron calific\u00f3 lo ocurrido de \u201ccobard\u00eda absoluta\u201d.Un hombre armado con un cuchillo sembr\u00f3 el terror este jueves (08.06.2023) en un parque cerca del lago de Annecy, en los Alpes franceses, donde hiri\u00f3 a cinco personas, entre ellas cuatro ni\u00f1os peque\u00f1os, antes de ser detenido. Los cuatro menores lesionados se encuentran en riesgo vital, informaron las autoridades. El adulto tiene lesiones menos graves.<\/p>\n<p>&#8220;Ataque de cobard\u00eda absoluta esta ma\u00f1ana en un parque en Annecy. La naci\u00f3n esta conmocionada&#8221;, escribi\u00f3 en su cuenta de Twitter el presidente franc\u00e9s, Emmanuel Macron, expresando su apoyo a las v\u00edctimas y sus familiares. Se ha informado que el agresor, de 31 a\u00f1os e identificado como Abdalmasih H., ten\u00eda papeles indicando que era un refugiado sirio y no estaba fichado por la polic\u00eda. El hombre hab\u00eda pedido asilo en Suecia y Francia y se hab\u00eda declarado cristiano.<\/p>\n<p>&#8220;El individuo ha sido detenido gracias a la intervenci\u00f3n muy r\u00e1pida de las fuerzas del orden&#8221;, se\u00f1al\u00f3 el ministro del Interior, G\u00e9rald Darmanin, en Twitter. \u00c9l y la primera ministra, \u00c9lisabeth Borne, se desplazaron inmediatamente a la zona. La Fiscal\u00eda Antiterrorista, por su parte, indic\u00f3 que est\u00e1 estudiando las circunstancias del ataque antes de decidir si se hace cargo del caso.<\/p>\n<p>Ataque en contexto de tensi\u00f3n pol\u00edtica<\/p>\n<p>El ataque se produjo hacia las 09:45 horas, cuando ni\u00f1os de unos tres a\u00f1os estaban en el Jard\u00edn de Europa, una amplia \u00e1rea abierta de praderas y bosques con un lago que se usa para el remo y otras actividades de ocio. Testigos describieron escenas &#8220;espantosas\u201d de gritos y cuerpos tendidos en la hierba. De acuerdo con ellos, el autor -que ten\u00eda una cruz y papeles con oraciones cristianas- apu\u00f1al\u00f3 a algunos de los ni\u00f1os mientras estaban en sus sillas de paseo.<\/p>\n<p>Debido a la gravedad de sus lesiones, algunas v\u00edctimas fueron trasladadas al hospital Annecy Genevois en helic\u00f3ptero. De izquierda a extrema derecha, los l\u00edderes pol\u00edticos condenaron el ataque y expresaron su solidaridad con las v\u00edctimas y sus familiares. La Asamblea Nacional guard\u00f3 un minuto de silencio.<\/p>\n<p>En un contexto de tensi\u00f3n pol\u00edtica sobre una futura reforma migratoria, el l\u00edder del partido opositor de derecha Los Republicanos (LR), \u00c9ric Ciotti, que aboga por endurecer el asilo, urgi\u00f3 este jueves a &#8220;sacar las consecuencias&#8221; del ataque &#8220;sin ingenuidad, con fuerza y lucidez&#8221;.<\/p>\n<p>DZC (EFE, AFP)<\/p>\n<div class=\"venep-after-content venep-entity-placement\" id=\"venep-247231048\"><div id=\"venep-2642378429\"><a href=\"https:\/\/veneportal.com\/directorio\/post-an-ad\/\" aria-label=\"directorio de negocios veneportal\"><img src=\"https:\/\/veneportal.com\/noticias\/wp-content\/uploads\/sites\/2\/2021\/03\/manolo-600X400.png\" alt=\"directorio de negocios veneportal\"  srcset=\"https:\/\/veneportal.com\/noticias\/wp-content\/uploads\/sites\/2\/2021\/03\/manolo-600X400.png 600w, https:\/\/veneportal.com\/noticias\/wp-content\/uploads\/sites\/2\/2021\/03\/manolo-600X400-300x200.png 300w, https:\/\/veneportal.com\/noticias\/wp-content\/uploads\/sites\/2\/2021\/03\/manolo-600X400-450x300.png 450w\" sizes=\"(max-width: 600px) 100vw, 600px\" width=\"600\" height=\"400\"   \/><\/a><\/div><\/div>","protected":false},"excerpt":{"rendered":"<p>El atacante, identificado inicialmente como un solicitante de asilo de origen sirio, agredi\u00f3 a los menores en un parque en la regi\u00f3n de los Alpes. Emmanuel Macron calific\u00f3 lo ocurrido&hellip; <\/p>\n","protected":false},"author":505,"featured_media":45461,"comment_status":"open","ping_status":"open","sticky":false,"template":"","format":"standard","meta":{"footnotes":""},"categories":[85],"tags":[],"class_list":["post-45460","post","type-post","status-publish","format-standard","has-post-thumbnail","hentry","category-politica"],"_links":{"self":[{"href":"https:\/\/veneportal.com\/noticias\/wp-json\/wp\/v2\/posts\/45460","targetHints":{"allow":["GET"]}}],"collection":[{"href":"https:\/\/veneportal.com\/noticias\/wp-json\/wp\/v2\/posts"}],"about":[{"href":"https:\/\/veneportal.com\/noticias\/wp-json\/wp\/v2\/types\/post"}],"author":[{"embeddable":true,"href":"https:\/\/veneportal.com\/noticias\/wp-json\/wp\/v2\/users\/505"}],"replies":[{"embeddable":true,"href":"https:\/\/veneportal.com\/noticias\/wp-json\/wp\/v2\/comments?post=45460"}],"version-history":[{"count":0,"href":"https:\/\/veneportal.com\/noticias\/wp-json\/wp\/v2\/posts\/45460\/revisions"}],"wp:featuredmedia":[{"embeddable":true,"href":"https:\/\/veneportal.com\/noticias\/wp-json\/wp\/v2\/media\/45461"}],"wp:attachment":[{"href":"https:\/\/veneportal.com\/noticias\/wp-json\/wp\/v2\/media?parent=45460"}],"wp:term":[{"taxonomy":"category","embeddable":true,"href":"https:\/\/veneportal.com\/noticias\/wp-json\/wp\/v2\/categories?post=45460"},{"taxonomy":"post_tag","embeddable":true,"href":"https:\/\/veneportal.com\/noticias\/wp-json\/wp\/v2\/tags?post=45460"}],"curies":[{"name":"wp","href":"https:\/\/api.w.org\/{rel}","templated":true}]}}