{"id":45458,"date":"2023-06-08T12:00:05","date_gmt":"2023-06-08T16:00:05","guid":{"rendered":"https:\/\/veneportal.com\/noticias\/2023\/06\/08\/papa-francisco-se-recupera-tras-operacion-por-hernia-abdominal\/"},"modified":"2023-06-08T12:00:05","modified_gmt":"2023-06-08T16:00:05","slug":"papa-francisco-se-recupera-tras-operacion-por-hernia-abdominal","status":"publish","type":"post","link":"https:\/\/veneportal.com\/noticias\/2023\/06\/08\/papa-francisco-se-recupera-tras-operacion-por-hernia-abdominal\/","title":{"rendered":"Papa Francisco se recupera tras operaci\u00f3n por hernia abdominal"},"content":{"rendered":"<p>Jorge Mario Bergoglio pas\u00f3 una buena noche, y podr\u00eda estar hasta una semana en el hospital donde el mi\u00e9rcoles le fueron retiradas unas adherencias producidas por una cirug\u00eda previa.El papa Francisco pas\u00f3 &#8220;una noche tranquila&#8221;, se encuentra &#8220;en buenas condiciones&#8221; y los controles rutinarios son buenos, inform\u00f3 este jueves (08.06.2023) el Vaticano, luego de que el l\u00edder religioso fuera sometido a una operaci\u00f3n por una hernia abdominal en el hospital Gemelli de Roma. Esta intervenci\u00f3n reaviva las interrogantes sobre la salud de Jorge Mario Bergoglio, de 86 a\u00f1os.<\/p>\n<p>&#8220;El personal m\u00e9dico que sigue el postoperatorio del papa informa que pas\u00f3 una noche tranquila, logrando descansar por un largo tiempo; se encuentra en buen estado, despierto y respirando espont\u00e1neamente&#8221;, se lee en una nota del portavoz vaticano, Matteo Bruni. Bruni a\u00f1ade que &#8220;los controles rutinarios son buenos y durante todo el d\u00eda observar\u00e1 el descanso postoperatorio necesario&#8221;.<\/p>\n<p>&#8220;El papa est\u00e1 siendo informado de los mensajes de cercan\u00eda y cari\u00f1o que han llegado en las \u00faltimas horas y expresa su agradecimiento, al mismo tiempo que pide seguir rezando por \u00e9l&#8221;, concluye el comunicado. Por el momento, el Vaticano anul\u00f3 todas las audiencias y actos del papa hasta el 18 de junio, pero se mantienen los dos viajes que realizar\u00e1 a Lisboa a principios de agosto para participar en la Jornada Mundial de la Juventud y a Mongolia a finales del mismo mes.<\/p>\n<p>Intervenci\u00f3n &#8220;benigna\u201d<\/p>\n<p>Francisco fue operado el mi\u00e9rcoles para eliminar unas dolorosas &#8220;adherencias\u201d en la pared abdominal, consecuencia de una operaci\u00f3n de colon en abril de 2021. La intervenci\u00f3n dur\u00f3 tres horas con anestesia general. El cirujano de Francisco, Sergio Alfieri, dijo que era una intervenci\u00f3n &#8220;benigna&#8221; que no le dejar\u00e1 secuelas y subray\u00f3 que el papa no padece de otras patolog\u00edas.<\/p>\n<p>Ahora, Bergoglio deber\u00eda pasar varios d\u00edas ingresado en la d\u00e9cima planta de la Policl\u00ednica Gemelli, conocida como el &#8220;hospital de los papas&#8221;, en la misma habitaci\u00f3n que ocup\u00f3 en numerosas ocasiones Juan Pablo II. El papa argentino tiene problemas de salud recurrentes desde que en 2013 sucedi\u00f3 a Benedicto XVI, que renunci\u00f3 por motivos de salud y muri\u00f3 en diciembre pasado a los 95 a\u00f1os.<\/p>\n<p>Francisco ha declarado en varias ocasiones que se plantear\u00eda dimitir, como lo hizo su predecesor, si su salud empeora, pero dijo recientemente que este no es el escenario actual.  El papa sufre dolores cr\u00f3nicos en la rodilla y las caderas, lo que lo obliga a desplazarse en silla de ruedas o con ayuda de un bast\u00f3n.<\/p>\n<p>DZC (EFE, AFP)<\/p>\n<div class=\"venep-after-content venep-entity-placement\" id=\"venep-4150461056\"><div id=\"venep-1872527666\"><script async src=\"https:\/\/pagead2.googlesyndication.com\/pagead\/js\/adsbygoogle.js?client=ca-pub-5862940809620110\"\r\n     crossorigin=\"anonymous\"><\/script>\r\n<ins class=\"adsbygoogle\"\r\n     style=\"display:block\"\r\n     data-ad-format=\"fluid\"\r\n     data-ad-layout-key=\"-6t+ed+2i-1n-4w\"\r\n     data-ad-client=\"ca-pub-5862940809620110\"\r\n     data-ad-slot=\"7946604715\"><\/ins>\r\n<script>\r\n     (adsbygoogle = window.adsbygoogle || []).push({});\r\n<\/script><\/div><\/div>","protected":false},"excerpt":{"rendered":"<p>Jorge Mario Bergoglio pas\u00f3 una buena noche, y podr\u00eda estar hasta una semana en el hospital donde el mi\u00e9rcoles le fueron retiradas unas adherencias producidas por una cirug\u00eda previa.El papa&hellip; <\/p>\n","protected":false},"author":505,"featured_media":45459,"comment_status":"open","ping_status":"open","sticky":false,"template":"","format":"standard","meta":{"footnotes":""},"categories":[85],"tags":[],"class_list":["post-45458","post","type-post","status-publish","format-standard","has-post-thumbnail","hentry","category-politica"],"_links":{"self":[{"href":"https:\/\/veneportal.com\/noticias\/wp-json\/wp\/v2\/posts\/45458","targetHints":{"allow":["GET"]}}],"collection":[{"href":"https:\/\/veneportal.com\/noticias\/wp-json\/wp\/v2\/posts"}],"about":[{"href":"https:\/\/veneportal.com\/noticias\/wp-json\/wp\/v2\/types\/post"}],"author":[{"embeddable":true,"href":"https:\/\/veneportal.com\/noticias\/wp-json\/wp\/v2\/users\/505"}],"replies":[{"embeddable":true,"href":"https:\/\/veneportal.com\/noticias\/wp-json\/wp\/v2\/comments?post=45458"}],"version-history":[{"count":0,"href":"https:\/\/veneportal.com\/noticias\/wp-json\/wp\/v2\/posts\/45458\/revisions"}],"wp:featuredmedia":[{"embeddable":true,"href":"https:\/\/veneportal.com\/noticias\/wp-json\/wp\/v2\/media\/45459"}],"wp:attachment":[{"href":"https:\/\/veneportal.com\/noticias\/wp-json\/wp\/v2\/media?parent=45458"}],"wp:term":[{"taxonomy":"category","embeddable":true,"href":"https:\/\/veneportal.com\/noticias\/wp-json\/wp\/v2\/categories?post=45458"},{"taxonomy":"post_tag","embeddable":true,"href":"https:\/\/veneportal.com\/noticias\/wp-json\/wp\/v2\/tags?post=45458"}],"curies":[{"name":"wp","href":"https:\/\/api.w.org\/{rel}","templated":true}]}}