{"id":45073,"date":"2023-05-31T10:00:05","date_gmt":"2023-05-31T14:00:05","guid":{"rendered":"https:\/\/veneportal.com\/noticias\/2023\/05\/31\/la-onu-celebra-foro-de-afrodescendientes\/"},"modified":"2023-05-31T10:00:05","modified_gmt":"2023-05-31T14:00:05","slug":"la-onu-celebra-foro-de-afrodescendientes","status":"publish","type":"post","link":"https:\/\/veneportal.com\/noticias\/2023\/05\/31\/la-onu-celebra-foro-de-afrodescendientes\/","title":{"rendered":"La ONU celebra foro de afrodescendientes"},"content":{"rendered":"<p>[iframe src=&#8221;https:\/\/www.vozdeamerica.com\/embed\/player\/0\/7115877.html?type=video&#8221; width=&#8221;640&#8243; height=&#8221;360&#8243; frameborder=&#8221;0&#8243; scrolling=&#8221;no&#8221; allowfullscreen=&#8221;allowfullscreen&#8221;]<\/p>\n<p>La Organizaci\u00f3n de Naciones Unidas recibe esta semana en Nueva York a m\u00e1s de 1.500 asistentes al Segundo Foro Permanente de Afrodescendientes. Divalizeth Cash, periodista de la Voz de Am\u00e9rica, nos cuenta los objetivos de la reuni\u00f3n y las perspectivas para Am\u00e9rica Latina.<\/p>\n<div class=\"venep-after-content venep-entity-placement\" id=\"venep-1432674529\"><div id=\"venep-1177126428\"><script async src=\"https:\/\/pagead2.googlesyndication.com\/pagead\/js\/adsbygoogle.js?client=ca-pub-5862940809620110\"\r\n     crossorigin=\"anonymous\"><\/script>\r\n<ins class=\"adsbygoogle\"\r\n     style=\"display:block\"\r\n     data-ad-format=\"fluid\"\r\n     data-ad-layout-key=\"-6t+ed+2i-1n-4w\"\r\n     data-ad-client=\"ca-pub-5862940809620110\"\r\n     data-ad-slot=\"7946604715\"><\/ins>\r\n<script>\r\n     (adsbygoogle = window.adsbygoogle || []).push({});\r\n<\/script><\/div><\/div>","protected":false},"excerpt":{"rendered":"<p>La ONU celebra foro de afrodescendientesLa Organizaci\u00f3n de Naciones Unidas recibe esta semana en Nueva York a m\u00e1s de 1.500 asistentes al Segundo Foro Permanente de Afrodescendientes. Divalizeth Cash, periodista de la Voz de Am\u00e9rica, nos cuenta los objetivos de la reuni\u00f3n y las perspectivas para Am\u00e9rica Latina.<\/p>\n","protected":false},"author":1287,"featured_media":45074,"comment_status":"open","ping_status":"open","sticky":false,"template":"","format":"video","meta":{"footnotes":""},"categories":[93],"tags":[],"class_list":["post-45073","post","type-post","status-publish","format-video","has-post-thumbnail","hentry","category-multimedia","post_format-post-format-video"],"_links":{"self":[{"href":"https:\/\/veneportal.com\/noticias\/wp-json\/wp\/v2\/posts\/45073","targetHints":{"allow":["GET"]}}],"collection":[{"href":"https:\/\/veneportal.com\/noticias\/wp-json\/wp\/v2\/posts"}],"about":[{"href":"https:\/\/veneportal.com\/noticias\/wp-json\/wp\/v2\/types\/post"}],"author":[{"embeddable":true,"href":"https:\/\/veneportal.com\/noticias\/wp-json\/wp\/v2\/users\/1287"}],"replies":[{"embeddable":true,"href":"https:\/\/veneportal.com\/noticias\/wp-json\/wp\/v2\/comments?post=45073"}],"version-history":[{"count":0,"href":"https:\/\/veneportal.com\/noticias\/wp-json\/wp\/v2\/posts\/45073\/revisions"}],"wp:featuredmedia":[{"embeddable":true,"href":"https:\/\/veneportal.com\/noticias\/wp-json\/wp\/v2\/media\/45074"}],"wp:attachment":[{"href":"https:\/\/veneportal.com\/noticias\/wp-json\/wp\/v2\/media?parent=45073"}],"wp:term":[{"taxonomy":"category","embeddable":true,"href":"https:\/\/veneportal.com\/noticias\/wp-json\/wp\/v2\/categories?post=45073"},{"taxonomy":"post_tag","embeddable":true,"href":"https:\/\/veneportal.com\/noticias\/wp-json\/wp\/v2\/tags?post=45073"}],"curies":[{"name":"wp","href":"https:\/\/api.w.org\/{rel}","templated":true}]}}