{"id":43954,"date":"2023-04-29T17:00:05","date_gmt":"2023-04-29T21:00:05","guid":{"rendered":"https:\/\/veneportal.com\/noticias\/2023\/04\/29\/alcaldesa-de-bogota-en-entrevista-con-la-voz-de-america\/"},"modified":"2023-04-29T17:00:05","modified_gmt":"2023-04-29T21:00:05","slug":"alcaldesa-de-bogota-en-entrevista-con-la-voz-de-america","status":"publish","type":"post","link":"https:\/\/veneportal.com\/noticias\/2023\/04\/29\/alcaldesa-de-bogota-en-entrevista-con-la-voz-de-america\/","title":{"rendered":"Alcaldesa de Bogot\u00e1 en entrevista con la Voz de Am\u00e9rica"},"content":{"rendered":"<p>[iframe src=&#8221;https:\/\/www.vozdeamerica.com\/embed\/player\/0\/7071487.html?type=video&#8221; width=&#8221;640&#8243; height=&#8221;360&#8243; frameborder=&#8221;0&#8243; scrolling=&#8221;no&#8221; allowfullscreen=&#8221;allowfullscreen&#8221;]<\/p>\n<p>En el marco de la primera Cumbre de las Ciudades de las Am\u00e9ricas, la enviada especial de la Voz de Am\u00e9rica, Laura Sep\u00falveda, entrevist\u00f3 a la alcaldesa de Bogot\u00e1, Claudia L\u00f3pez. Migraci\u00f3n, cambio clim\u00e1tico, movilidad e inclusi\u00f3n, fueron los temas de conversaci\u00f3n.<\/p>\n<div class=\"venep-after-content venep-entity-placement\" id=\"venep-3573488388\"><div id=\"venep-279988663\"><a href=\"https:\/\/www.silverstarfinancialservices.com\/\" aria-label=\"silverstar financial\"><img src=\"https:\/\/veneportal.com\/noticias\/wp-content\/uploads\/sites\/2\/2022\/06\/silverstar-financial-2.png\" alt=\"silverstar financial\"  srcset=\"https:\/\/veneportal.com\/noticias\/wp-content\/uploads\/sites\/2\/2022\/06\/silverstar-financial-2.png 1748w, https:\/\/veneportal.com\/noticias\/wp-content\/uploads\/sites\/2\/2022\/06\/silverstar-financial-2-300x213.png 300w, https:\/\/veneportal.com\/noticias\/wp-content\/uploads\/sites\/2\/2022\/06\/silverstar-financial-2-1024x726.png 1024w, https:\/\/veneportal.com\/noticias\/wp-content\/uploads\/sites\/2\/2022\/06\/silverstar-financial-2-768x545.png 768w, https:\/\/veneportal.com\/noticias\/wp-content\/uploads\/sites\/2\/2022\/06\/silverstar-financial-2-1536x1090.png 1536w, https:\/\/veneportal.com\/noticias\/wp-content\/uploads\/sites\/2\/2022\/06\/silverstar-financial-2-600x426.png 600w\" sizes=\"(max-width: 1748px) 100vw, 1748px\" width=\"559\" height=\"397\"   \/><\/a><\/div><\/div>","protected":false},"excerpt":{"rendered":"<p>Alcaldesa de Bogot\u00e1 en entrevista con la Voz de Am\u00e9ricaEn el marco de la primera Cumbre de las Ciudades de las Am\u00e9ricas, la enviada especial de la Voz de Am\u00e9rica, Laura Sep\u00falveda, entrevist\u00f3 a la alcaldesa de Bogot\u00e1, Claudia L\u00f3pez. Migraci\u00f3n, cambio clim\u00e1tico, movilidad e inclusi\u00f3n, fueron los temas de conversaci\u00f3n.<\/p>\n","protected":false},"author":1287,"featured_media":43955,"comment_status":"open","ping_status":"open","sticky":false,"template":"","format":"video","meta":{"footnotes":""},"categories":[93],"tags":[],"class_list":["post-43954","post","type-post","status-publish","format-video","has-post-thumbnail","hentry","category-multimedia","post_format-post-format-video"],"_links":{"self":[{"href":"https:\/\/veneportal.com\/noticias\/wp-json\/wp\/v2\/posts\/43954","targetHints":{"allow":["GET"]}}],"collection":[{"href":"https:\/\/veneportal.com\/noticias\/wp-json\/wp\/v2\/posts"}],"about":[{"href":"https:\/\/veneportal.com\/noticias\/wp-json\/wp\/v2\/types\/post"}],"author":[{"embeddable":true,"href":"https:\/\/veneportal.com\/noticias\/wp-json\/wp\/v2\/users\/1287"}],"replies":[{"embeddable":true,"href":"https:\/\/veneportal.com\/noticias\/wp-json\/wp\/v2\/comments?post=43954"}],"version-history":[{"count":0,"href":"https:\/\/veneportal.com\/noticias\/wp-json\/wp\/v2\/posts\/43954\/revisions"}],"wp:featuredmedia":[{"embeddable":true,"href":"https:\/\/veneportal.com\/noticias\/wp-json\/wp\/v2\/media\/43955"}],"wp:attachment":[{"href":"https:\/\/veneportal.com\/noticias\/wp-json\/wp\/v2\/media?parent=43954"}],"wp:term":[{"taxonomy":"category","embeddable":true,"href":"https:\/\/veneportal.com\/noticias\/wp-json\/wp\/v2\/categories?post=43954"},{"taxonomy":"post_tag","embeddable":true,"href":"https:\/\/veneportal.com\/noticias\/wp-json\/wp\/v2\/tags?post=43954"}],"curies":[{"name":"wp","href":"https:\/\/api.w.org\/{rel}","templated":true}]}}