{"id":43922,"date":"2023-04-29T00:02:05","date_gmt":"2023-04-29T04:02:05","guid":{"rendered":"https:\/\/veneportal.com\/noticias\/2023\/04\/29\/encuesta-sobre-guerra-en-ucrania-que-piensan-los-rusohablantes-en-alemania\/"},"modified":"2023-04-29T00:02:05","modified_gmt":"2023-04-29T04:02:05","slug":"encuesta-sobre-guerra-en-ucrania-que-piensan-los-rusohablantes-en-alemania","status":"publish","type":"post","link":"https:\/\/veneportal.com\/noticias\/2023\/04\/29\/encuesta-sobre-guerra-en-ucrania-que-piensan-los-rusohablantes-en-alemania\/","title":{"rendered":"Encuesta sobre guerra en Ucrania: \u00bfqu\u00e9 piensan los rusohablantes en Alemania?"},"content":{"rendered":"<p>En una encuesta, Deutsche Welle pregunt\u00f3 a personas de habla rusa su opini\u00f3n sobre los siguientes temas: \u00bfqui\u00e9n tiene la culpa de la guerra? \u00bfC\u00f3mo terminar\u00e1? \u00bfHa cambiado su opini\u00f3n sobre Putin?Casi el 40 por ciento de las personas de habla rusa en Alemania opina que Rusia tiene la culpa de la guerra en Ucrania. Este es el resultado de una encuesta realizada por el instituto de investigaci\u00f3n de opini\u00f3n Dimap en nombre de DW. Se entrevist\u00f3 a rusohablantes nativos de Rusia, y tambi\u00e9n a quienes vivieron en la ex Uni\u00f3n Sovi\u00e9tica.<\/p>\n<p>Seg\u00fan un estudio del Servicio de Medios sobre Integraci\u00f3n de 2020 habr\u00eda 3,5 millones de rusohablantes en Alemania. La mayor\u00eda con antecedentes migratorios en Rusia, Kazajist\u00e1n y Ucrania. Sin embargo, solo el 61 por ciento de ellos eran hablantes nativos de ruso, y este fue precisamente el grupo encuestado.<\/p>\n<p>La imagen de Putin se deteriora<\/p>\n<p>Casi dos tercios de los encuestados en abril de 2023 dijeron que ten\u00edan una peor opini\u00f3n de Vladimir Putin que antes de que Rusia invadiera Ucrania. Para el 22 por ciento, la imagen del presidente ruso ha cambiado &#8220;m\u00e1s bien negativamente&#8221; y casi el doble respondi\u00f3 que de manera &#8220;muy negativa&#8221;.<\/p>\n<p>&#8220;En mi entorno privado y profesional, he experimentado que la gente est\u00e1 consternada por las atrocidades rusas que se difunden a trav\u00e9s de las redes sociales y los principales medios de comunicaci\u00f3n&#8221;, dijo Edwin Warkentin a DW. El director del Departamento Cultural para ruso-alemanes del Museo de Historia Cultural Ruso-Alemana, en Detmold, afirm\u00f3 que &#8220;las personas que viven en Alemania tienen acceso a fuentes de informaci\u00f3n que muestran las atrocidades y tambi\u00e9n las llaman por su nombre. Todo lo contrario a los que viven en Rusia y solo est\u00e1n informados por la propaganda estatal&#8221;.<\/p>\n<p>Adem\u00e1s, los ciudadanos alemanes con trasfondo migratorio postsovi\u00e9tico hacen una clara diferenciaci\u00f3n entre Putin y Rusia en su evaluaci\u00f3n. En su mayor\u00eda provienen de pa\u00edses que critican a Mosc\u00fa<\/p>\n<p>Seg\u00fan la encuesta de DW, casi el 80 por ciento est\u00e1 &#8220;muy preocupado&#8221; o &#8220;m\u00e1s bien preocupado&#8221; por la guerra en Ucrania, quiz\u00e1s porque uno de cada cinco encuestados tiene familiares o conocidos que son soldados que luchan en el frente.<\/p>\n<p>Mayores de 40, m\u00e1s preocupados<\/p>\n<p>Sobre todo los mayores de 40 a\u00f1os se sienten muy afectados. &#8220;Creo que es un fen\u00f3meno general espec\u00edfico de una generaci\u00f3n&#8221;, explica Warkentin, quien lleg\u00f3 a Alemania en la d\u00e9cada de 1990 desde Kazajist\u00e1n. Adem\u00e1s, dicha generaci\u00f3n se identifica m\u00e1s con sus pa\u00edses de origen, e incluso pudieron haber vivido su infancia en pa\u00edses de la Uni\u00f3n Sovi\u00e9tica.<\/p>\n<p>Con un 45 por ciento, casi la mitad de los encuestados cree que la guerra afecta a la relaci\u00f3n entre alemanes y rusos: el 56 por ciento, entre los de 18 a 39 a\u00f1os y el 31 por ciento, entre los menores de 60 a\u00f1os.<\/p>\n<p>Mayor\u00eda, m\u00e1s cooperaci\u00f3n con Rusia<\/p>\n<p>En cuanto a la relaci\u00f3n de Alemania con los dos pa\u00edses en guerra, el 44 por ciento est\u00e1 a favor de una mayor cooperaci\u00f3n con Rusia, y un tercio aboga por un mayor apoyo a Ucrania.<\/p>\n<p>&#8220;Creo que, en principio, a (la gente) le gustar\u00eda intensificar el trato con Rusia, o que este volviera a la normalidad, pero en condiciones diferentes, probablemente bajo un gobierno distinto, con un sistema distinto\u201d, opina.<\/p>\n<p>El experto cree que, en los debates p\u00fablicos de 2022, falt\u00f3 &#8220;el tema de la ayuda de los hablantes rusos a los refugiados ucranianos o los convoyes de ayuda a Ucrania&#8221;.<\/p>\n<p>Manifestarse para fin de la guerra<\/p>\n<p>La mitad de los rusohablantes en Alemania podr\u00eda imaginarse salir a la calle a manifestarse a favor del fin inmediato de la guerra. El 17 por ciento ya lo hizo para apoyar a Ucrania. En el caso de Rusia, ser\u00eda solo la mitad (9 por ciento). A favor de Putin, solo se manifestar\u00eda el 4 por ciento, y en su contra, el 20 por ciento.<\/p>\n<p>En referencia a sucesos futuros, la mayor\u00eda reaccion\u00f3 con excepticismo: la mitad cree que no habr\u00e1 paz a largo plazo. Y sobre qui\u00e9n ganar\u00e1 la guerra, el 11 por ciento cree que Rusia la ganar\u00e1, y el 9 por ciento, Ucrania. Un quinto de los encuestados apuestan por una soluci\u00f3n diplom\u00e1tica.<\/p>\n<p>Warkentin cree que para la pol\u00edtica alemana es importante observar los resultados de este sondeo &#8220;para que no surja la impresi\u00f3n de que hay una di\u00e1spora aqu\u00ed que puede tener diferentes puntos de vista sobre esta guerra y puede estar atrapada en un conflicto de lealtad&#8221;.<\/p>\n<p>Una &#8220;conclusi\u00f3n importante\u201d de esta encuesta, seg\u00fan el director del Museo de Historia Cultural Ruso-Alemana, es que la actitud de los encuestados corresponde con la de la mayor\u00eda de la sociedad alemana.<\/p>\n<p>(rmr\/cp)<\/p>\n<div class=\"venep-after-content venep-entity-placement\" id=\"venep-2756546065\"><div id=\"venep-1027432985\"><script async src=\"https:\/\/pagead2.googlesyndication.com\/pagead\/js\/adsbygoogle.js?client=ca-pub-5862940809620110\"\r\n     crossorigin=\"anonymous\"><\/script>\r\n<ins class=\"adsbygoogle\"\r\n     style=\"display:block\"\r\n     data-ad-format=\"fluid\"\r\n     data-ad-layout-key=\"-6t+ed+2i-1n-4w\"\r\n     data-ad-client=\"ca-pub-5862940809620110\"\r\n     data-ad-slot=\"7946604715\"><\/ins>\r\n<script>\r\n     (adsbygoogle = window.adsbygoogle || []).push({});\r\n<\/script><\/div><\/div>","protected":false},"excerpt":{"rendered":"<p>En una encuesta, Deutsche Welle pregunt\u00f3 a personas de habla rusa su opini\u00f3n sobre los siguientes temas: \u00bfqui\u00e9n tiene la culpa de la guerra? \u00bfC\u00f3mo terminar\u00e1? \u00bfHa cambiado su opini\u00f3n&hellip; <\/p>\n","protected":false},"author":505,"featured_media":43923,"comment_status":"open","ping_status":"open","sticky":false,"template":"","format":"standard","meta":{"footnotes":""},"categories":[85],"tags":[],"class_list":["post-43922","post","type-post","status-publish","format-standard","has-post-thumbnail","hentry","category-politica"],"_links":{"self":[{"href":"https:\/\/veneportal.com\/noticias\/wp-json\/wp\/v2\/posts\/43922","targetHints":{"allow":["GET"]}}],"collection":[{"href":"https:\/\/veneportal.com\/noticias\/wp-json\/wp\/v2\/posts"}],"about":[{"href":"https:\/\/veneportal.com\/noticias\/wp-json\/wp\/v2\/types\/post"}],"author":[{"embeddable":true,"href":"https:\/\/veneportal.com\/noticias\/wp-json\/wp\/v2\/users\/505"}],"replies":[{"embeddable":true,"href":"https:\/\/veneportal.com\/noticias\/wp-json\/wp\/v2\/comments?post=43922"}],"version-history":[{"count":0,"href":"https:\/\/veneportal.com\/noticias\/wp-json\/wp\/v2\/posts\/43922\/revisions"}],"wp:featuredmedia":[{"embeddable":true,"href":"https:\/\/veneportal.com\/noticias\/wp-json\/wp\/v2\/media\/43923"}],"wp:attachment":[{"href":"https:\/\/veneportal.com\/noticias\/wp-json\/wp\/v2\/media?parent=43922"}],"wp:term":[{"taxonomy":"category","embeddable":true,"href":"https:\/\/veneportal.com\/noticias\/wp-json\/wp\/v2\/categories?post=43922"},{"taxonomy":"post_tag","embeddable":true,"href":"https:\/\/veneportal.com\/noticias\/wp-json\/wp\/v2\/tags?post=43922"}],"curies":[{"name":"wp","href":"https:\/\/api.w.org\/{rel}","templated":true}]}}