{"id":43909,"date":"2023-04-28T17:02:04","date_gmt":"2023-04-28T21:02:04","guid":{"rendered":"https:\/\/veneportal.com\/noticias\/2023\/04\/28\/comienza-en-eeuu-la-cumbre-de-ciudades-de-las-americas\/"},"modified":"2023-04-28T17:02:04","modified_gmt":"2023-04-28T21:02:04","slug":"comienza-en-eeuu-la-cumbre-de-ciudades-de-las-americas","status":"publish","type":"post","link":"https:\/\/veneportal.com\/noticias\/2023\/04\/28\/comienza-en-eeuu-la-cumbre-de-ciudades-de-las-americas\/","title":{"rendered":"Comienza en EEUU la Cumbre de Ciudades de las Am\u00e9ricas"},"content":{"rendered":"<p>[iframe src=&#8221;https:\/\/www.vozdeamerica.com\/embed\/player\/0\/7069226.html?type=video&#8221; width=&#8221;640&#8243; height=&#8221;360&#8243; frameborder=&#8221;0&#8243; scrolling=&#8221;no&#8221; allowfullscreen=&#8221;allowfullscreen&#8221;]<\/p>\n<p>Con el objetivo de intercambiar ideas y estrategias para abordar algunos de los desaf\u00edos m\u00e1s acuciantes, se inici\u00f3 la primera Cumbre de las Ciudades de las Am\u00e9ricas en Denver.<\/p>\n<div class=\"venep-after-content venep-entity-placement\" id=\"venep-1874282789\"><div id=\"venep-2718545258\"><script async src=\"https:\/\/pagead2.googlesyndication.com\/pagead\/js\/adsbygoogle.js?client=ca-pub-5862940809620110\"\r\n     crossorigin=\"anonymous\"><\/script>\r\n<ins class=\"adsbygoogle\"\r\n     style=\"display:block\"\r\n     data-ad-format=\"fluid\"\r\n     data-ad-layout-key=\"-6t+ed+2i-1n-4w\"\r\n     data-ad-client=\"ca-pub-5862940809620110\"\r\n     data-ad-slot=\"7946604715\"><\/ins>\r\n<script>\r\n     (adsbygoogle = window.adsbygoogle || []).push({});\r\n<\/script><\/div><\/div>","protected":false},"excerpt":{"rendered":"<p>Comienza en EEUU la Cumbre de Ciudades de las Am\u00e9ricasCon el objetivo de intercambiar ideas y estrategias para abordar algunos de los desaf\u00edos m\u00e1s acuciantes, se inici\u00f3 la primera Cumbre de las Ciudades de las Am\u00e9ricas en Denver.<\/p>\n","protected":false},"author":1287,"featured_media":43910,"comment_status":"open","ping_status":"open","sticky":false,"template":"","format":"video","meta":{"footnotes":""},"categories":[93],"tags":[],"class_list":["post-43909","post","type-post","status-publish","format-video","has-post-thumbnail","hentry","category-multimedia","post_format-post-format-video"],"_links":{"self":[{"href":"https:\/\/veneportal.com\/noticias\/wp-json\/wp\/v2\/posts\/43909","targetHints":{"allow":["GET"]}}],"collection":[{"href":"https:\/\/veneportal.com\/noticias\/wp-json\/wp\/v2\/posts"}],"about":[{"href":"https:\/\/veneportal.com\/noticias\/wp-json\/wp\/v2\/types\/post"}],"author":[{"embeddable":true,"href":"https:\/\/veneportal.com\/noticias\/wp-json\/wp\/v2\/users\/1287"}],"replies":[{"embeddable":true,"href":"https:\/\/veneportal.com\/noticias\/wp-json\/wp\/v2\/comments?post=43909"}],"version-history":[{"count":0,"href":"https:\/\/veneportal.com\/noticias\/wp-json\/wp\/v2\/posts\/43909\/revisions"}],"wp:featuredmedia":[{"embeddable":true,"href":"https:\/\/veneportal.com\/noticias\/wp-json\/wp\/v2\/media\/43910"}],"wp:attachment":[{"href":"https:\/\/veneportal.com\/noticias\/wp-json\/wp\/v2\/media?parent=43909"}],"wp:term":[{"taxonomy":"category","embeddable":true,"href":"https:\/\/veneportal.com\/noticias\/wp-json\/wp\/v2\/categories?post=43909"},{"taxonomy":"post_tag","embeddable":true,"href":"https:\/\/veneportal.com\/noticias\/wp-json\/wp\/v2\/tags?post=43909"}],"curies":[{"name":"wp","href":"https:\/\/api.w.org\/{rel}","templated":true}]}}