{"id":42870,"date":"2023-04-06T04:02:04","date_gmt":"2023-04-06T08:02:04","guid":{"rendered":"https:\/\/veneportal.com\/noticias\/2023\/04\/06\/aleksander-ceferin-reelegido-al-frente-de-la-uefa-hasta-2027-2\/"},"modified":"2023-04-06T04:02:04","modified_gmt":"2023-04-06T08:02:04","slug":"aleksander-ceferin-reelegido-al-frente-de-la-uefa-hasta-2027-2","status":"publish","type":"post","link":"https:\/\/veneportal.com\/noticias\/2023\/04\/06\/aleksander-ceferin-reelegido-al-frente-de-la-uefa-hasta-2027-2\/","title":{"rendered":"Aleksander Ceferin reelegido al frente de la UEFA hasta 2027"},"content":{"rendered":"<p>El congreso del organismo del f\u00fatbol europeo revalid\u00f3 la presidencia del esloveno, que lleva desde 2016 en el cargo. &#8220;El f\u00fatbol es y siempre ser\u00e1 el deporte del pueblo&#8221;, afirm\u00f3 desde Lisboa.El esloveno Aleksander Ceferin, \u00fanico candidato al cargo, ha sido reelegido como presidente de la UEFA por un nuevo mandato de cuatro a\u00f1os, hasta 2027, durante el congreso del organismo continental en Lisboa. &#8220;Significa mucho para m\u00ed, es un gran honor y una gran responsabilidad&#8221;, asegur\u00f3 Ceferin nada m\u00e1s ser reelegido para llevar las riendas de la UEFA, cargo que ocupa desde el 14 de septiembre de 2016.<\/p>\n<p>Sin pasado deportivo ni af\u00e1n por el protagonismo, Ceferin afronta su tercer mandato con la defensa del f\u00fatbol europeo, la unidad, la solidaridad y el m\u00e9rito deportivo como bandera, despu\u00e9s de un mandato condicionado por la pandemia, la Superliga y la guerra de Ucrania y con cambios en las competiciones desde 2024, como la Liga de Campeones, que aumentar\u00e1 sus equipos a 36, o la Liga de Naciones, que tendr\u00e1 una nueva ronda eliminatoria.<\/p>\n<p>Un dirigente poco convencional<\/p>\n<p>A sus 55 a\u00f1os, este esloveno de cara demacrada no se parece a ning\u00fan otro dirigente deportivo: ni a su predecesor en la UEFA, Michel Platini, estrella del f\u00fatbol con tres Balones de Oro, ni a Gianni Infantino, su hom\u00f3logo en la FIFA, quien raramente se ahorra alg\u00fan comentario chocante, ni a Thomas Bach, excampe\u00f3n ol\u00edmpico de esgrima que se ha convertido en la cara omnipresente del COI.<\/p>\n<p>&#8220;Yo no soy ning\u00fan showman&#8221;, dijo como tarjeta de presentaci\u00f3n este abogado desconocido cuando fue elegido en septiembre de 2016 para dirigir la potente confederaci\u00f3n europea de f\u00fatbol, frente al neerland\u00e9s Michael Van Praag, una vez que Platini tuvo que dejar el cargo por un caso de un pago sospechoso procedente de la FIFA. Posteriormente fue reelegido en 2019. Antes, en febrero de 2011, hab\u00eda sido elegido presidente de la Asociaci\u00f3n de F\u00fatbol de Eslovenia, en el que consigui\u00f3 la reelecci\u00f3n en febrero de 2015, como candidato \u00fanico.<\/p>\n<p>El reto de la Superliga<\/p>\n<p>Su principal reto lleg\u00f3 en la primavera de 2021 con el proyecto de doce grandes clubes europeos de crear su propia Superliga, que tuvieron que retirar en apenas 48 horas. &#8220;En unos pocos meses, la llamada Superliga se ha convertido en un personaje de Caperucita Roja, un lobo disfrazado de abuela, listo para devorarte&#8221;, dijo Ceferin hoy a los delegados del congreso. Y lament\u00f3 &#8220;la b\u00fasqueda de ganancias sobre la b\u00fasqueda de trofeos&#8221;.<\/p>\n<p>&#8220;Debemos derribar el mito de que la privatizaci\u00f3n del f\u00fatbol es un proceso imparable. Es un peligro presente, como hemos visto, pero juntos podemos e inevitablemente cambiaremos el rumbo de la historia&#8221;, dijo. &#8220;El f\u00fatbol es y siempre ser\u00e1 el deporte del pueblo: pertenece a todos los que han amado, aman y amar\u00e1n el juego. De generaci\u00f3n en generaci\u00f3n&#8221;, asegur\u00f3.<\/p>\n<p>lgc (afp\/efe\/dpa)<\/p>\n<div class=\"venep-after-content venep-entity-placement\" id=\"venep-2141456266\"><div id=\"venep-3592715528\"><a href=\"https:\/\/veneportal.com\/como-aparecer-en-google\/\" aria-label=\"como-se-beneficia-directorio-espana-flag\"><img src=\"https:\/\/veneportal.com\/noticias\/wp-content\/uploads\/sites\/2\/2021\/03\/como-se-beneficia-directorio-espana-flag.jpg\" alt=\"\"  srcset=\"https:\/\/veneportal.com\/noticias\/wp-content\/uploads\/sites\/2\/2021\/03\/como-se-beneficia-directorio-espana-flag.jpg 1747w, https:\/\/veneportal.com\/noticias\/wp-content\/uploads\/sites\/2\/2021\/03\/como-se-beneficia-directorio-espana-flag-300x213.jpg 300w, https:\/\/veneportal.com\/noticias\/wp-content\/uploads\/sites\/2\/2021\/03\/como-se-beneficia-directorio-espana-flag-1024x727.jpg 1024w, https:\/\/veneportal.com\/noticias\/wp-content\/uploads\/sites\/2\/2021\/03\/como-se-beneficia-directorio-espana-flag-768x545.jpg 768w, https:\/\/veneportal.com\/noticias\/wp-content\/uploads\/sites\/2\/2021\/03\/como-se-beneficia-directorio-espana-flag-1536x1090.jpg 1536w, https:\/\/veneportal.com\/noticias\/wp-content\/uploads\/sites\/2\/2021\/03\/como-se-beneficia-directorio-espana-flag-600x426.jpg 600w\" sizes=\"(max-width: 1747px) 100vw, 1747px\" width=\"1747\" height=\"1240\"   \/><\/a><\/div><\/div>","protected":false},"excerpt":{"rendered":"<p>El congreso del organismo del f\u00fatbol europeo revalid\u00f3 la presidencia del esloveno, que lleva desde 2016 en el cargo. &#8220;El f\u00fatbol es y siempre ser\u00e1 el deporte del pueblo&#8221;, afirm\u00f3&hellip; <\/p>\n","protected":false},"author":505,"featured_media":42814,"comment_status":"open","ping_status":"open","sticky":false,"template":"","format":"standard","meta":{"footnotes":""},"categories":[68],"tags":[],"class_list":["post-42870","post","type-post","status-publish","format-standard","has-post-thumbnail","hentry","category-deportes"],"_links":{"self":[{"href":"https:\/\/veneportal.com\/noticias\/wp-json\/wp\/v2\/posts\/42870","targetHints":{"allow":["GET"]}}],"collection":[{"href":"https:\/\/veneportal.com\/noticias\/wp-json\/wp\/v2\/posts"}],"about":[{"href":"https:\/\/veneportal.com\/noticias\/wp-json\/wp\/v2\/types\/post"}],"author":[{"embeddable":true,"href":"https:\/\/veneportal.com\/noticias\/wp-json\/wp\/v2\/users\/505"}],"replies":[{"embeddable":true,"href":"https:\/\/veneportal.com\/noticias\/wp-json\/wp\/v2\/comments?post=42870"}],"version-history":[{"count":0,"href":"https:\/\/veneportal.com\/noticias\/wp-json\/wp\/v2\/posts\/42870\/revisions"}],"wp:featuredmedia":[{"embeddable":true,"href":"https:\/\/veneportal.com\/noticias\/wp-json\/wp\/v2\/media\/42814"}],"wp:attachment":[{"href":"https:\/\/veneportal.com\/noticias\/wp-json\/wp\/v2\/media?parent=42870"}],"wp:term":[{"taxonomy":"category","embeddable":true,"href":"https:\/\/veneportal.com\/noticias\/wp-json\/wp\/v2\/categories?post=42870"},{"taxonomy":"post_tag","embeddable":true,"href":"https:\/\/veneportal.com\/noticias\/wp-json\/wp\/v2\/tags?post=42870"}],"curies":[{"name":"wp","href":"https:\/\/api.w.org\/{rel}","templated":true}]}}