{"id":42663,"date":"2023-04-03T12:02:05","date_gmt":"2023-04-03T16:02:05","guid":{"rendered":"https:\/\/veneportal.com\/noticias\/2023\/04\/03\/vicecanciller-aleman-robert-habeck-visita-kiev\/"},"modified":"2023-04-03T12:02:05","modified_gmt":"2023-04-03T16:02:05","slug":"vicecanciller-aleman-robert-habeck-visita-kiev","status":"publish","type":"post","link":"https:\/\/veneportal.com\/noticias\/2023\/04\/03\/vicecanciller-aleman-robert-habeck-visita-kiev\/","title":{"rendered":"Vicecanciller alem\u00e1n Robert Habeck visita Kiev"},"content":{"rendered":"<p>El tambi\u00e9n ministro alem\u00e1n de Econom\u00eda y una peque\u00f1a delegaci\u00f3n empresarial hablar\u00e1 con las autoridades sobre la cooperaci\u00f3n energ\u00e9tica con Ucrania.El vicecanciller alem\u00e1n Robert Habeck lleg\u00f3 a Kiev este lunes (03.04.2023) acompa\u00f1ado de una peque\u00f1a delegaci\u00f3n empresarial, para mantener conversaciones pol\u00edticas. El ministro de Econom\u00eda alem\u00e1n centrar\u00e1 sus conversaciones en el desarrollo y la cooperaci\u00f3n en el sector energ\u00e9tico de Ucrania.<\/p>\n<p>El prop\u00f3sito del viaje es enviar una se\u00f1al clara a Ucrania de que el pa\u00eds se reconstruir\u00e1 despu\u00e9s de la guerra, declar\u00f3 Habeck a su llegada a la estaci\u00f3n de tren de Kiev.<\/p>\n<p>El pol\u00edtico verde lleg\u00f3 esta ma\u00f1ana a la capital, Kiev, con una peque\u00f1a delegaci\u00f3n de representantes empresariales alemanes. Los temas del viaje son la reconstrucci\u00f3n de Ucrania atacada por Rusia y la cooperaci\u00f3n en el sector energ\u00e9tico, informaron fuentes oficiales.<\/p>\n<p>El objetivo es &#8220;dar esperanzas a Ucrania&#8221; de que el pa\u00eds se reconstruir\u00e1 despu\u00e9s de la guerra, dijo Habeck.<\/p>\n<p>Una se\u00f1al &#8220;de que creemos que saldr\u00e1 victoriosa, que se reconstruir\u00e1, de que hay inter\u00e9s por parte de Europa no s\u00f3lo en apoyar en tiempos de necesidad, sino de que Ucrania ser\u00e1 tambi\u00e9n un socio econ\u00f3micamente fuerte en el futuro&#8221;.<\/p>\n<p>Habeck visita el pa\u00eds por primera vez desde que las tropas rusas invadieron Ucrania el 24 de febrero del a\u00f1o pasado, y por primera vez como ministro federal.<\/p>\n<p>Siegfried Russwurm, presidente de la Federaci\u00f3n de Industrias Alemanas (BDI), quien se encuentra entre los representantes empresariales que acompa\u00f1an a Habeck describi\u00f3 el viaje como &#8220;una se\u00f1al a los ucranianos de que la industria alemana tambi\u00e9n est\u00e1 con ellos&#8221;.<\/p>\n<p>jc (dpa, reuters, Spiegel)<\/p>\n<div class=\"venep-after-content venep-entity-placement\" id=\"venep-2622697312\"><div id=\"venep-398759616\"><script async src=\"https:\/\/pagead2.googlesyndication.com\/pagead\/js\/adsbygoogle.js?client=ca-pub-5862940809620110\"\r\n     crossorigin=\"anonymous\"><\/script>\r\n<ins class=\"adsbygoogle\"\r\n     style=\"display:block\"\r\n     data-ad-format=\"fluid\"\r\n     data-ad-layout-key=\"-6t+ed+2i-1n-4w\"\r\n     data-ad-client=\"ca-pub-5862940809620110\"\r\n     data-ad-slot=\"7946604715\"><\/ins>\r\n<script>\r\n     (adsbygoogle = window.adsbygoogle || []).push({});\r\n<\/script><\/div><\/div>","protected":false},"excerpt":{"rendered":"<p>El tambi\u00e9n ministro alem\u00e1n de Econom\u00eda y una peque\u00f1a delegaci\u00f3n empresarial hablar\u00e1 con las autoridades sobre la cooperaci\u00f3n energ\u00e9tica con Ucrania.El vicecanciller alem\u00e1n Robert Habeck lleg\u00f3 a Kiev este lunes&hellip; <\/p>\n","protected":false},"author":505,"featured_media":42664,"comment_status":"open","ping_status":"open","sticky":false,"template":"","format":"standard","meta":{"footnotes":""},"categories":[85],"tags":[],"class_list":["post-42663","post","type-post","status-publish","format-standard","has-post-thumbnail","hentry","category-politica"],"_links":{"self":[{"href":"https:\/\/veneportal.com\/noticias\/wp-json\/wp\/v2\/posts\/42663","targetHints":{"allow":["GET"]}}],"collection":[{"href":"https:\/\/veneportal.com\/noticias\/wp-json\/wp\/v2\/posts"}],"about":[{"href":"https:\/\/veneportal.com\/noticias\/wp-json\/wp\/v2\/types\/post"}],"author":[{"embeddable":true,"href":"https:\/\/veneportal.com\/noticias\/wp-json\/wp\/v2\/users\/505"}],"replies":[{"embeddable":true,"href":"https:\/\/veneportal.com\/noticias\/wp-json\/wp\/v2\/comments?post=42663"}],"version-history":[{"count":0,"href":"https:\/\/veneportal.com\/noticias\/wp-json\/wp\/v2\/posts\/42663\/revisions"}],"wp:featuredmedia":[{"embeddable":true,"href":"https:\/\/veneportal.com\/noticias\/wp-json\/wp\/v2\/media\/42664"}],"wp:attachment":[{"href":"https:\/\/veneportal.com\/noticias\/wp-json\/wp\/v2\/media?parent=42663"}],"wp:term":[{"taxonomy":"category","embeddable":true,"href":"https:\/\/veneportal.com\/noticias\/wp-json\/wp\/v2\/categories?post=42663"},{"taxonomy":"post_tag","embeddable":true,"href":"https:\/\/veneportal.com\/noticias\/wp-json\/wp\/v2\/tags?post=42663"}],"curies":[{"name":"wp","href":"https:\/\/api.w.org\/{rel}","templated":true}]}}