{"id":42659,"date":"2023-04-03T12:02:05","date_gmt":"2023-04-03T16:02:05","guid":{"rendered":"https:\/\/veneportal.com\/noticias\/2023\/04\/03\/zelenski-visitara-varsovia-el-miercoles-y-dara-un-discurso-publico\/"},"modified":"2023-04-03T12:02:05","modified_gmt":"2023-04-03T16:02:05","slug":"zelenski-visitara-varsovia-el-miercoles-y-dara-un-discurso-publico","status":"publish","type":"post","link":"https:\/\/veneportal.com\/noticias\/2023\/04\/03\/zelenski-visitara-varsovia-el-miercoles-y-dara-un-discurso-publico\/","title":{"rendered":"Zelenski visitar\u00e1 Varsovia el mi\u00e9rcoles y dar\u00e1 un discurso p\u00fablico"},"content":{"rendered":"<p>Se trata de la primera visita oficial y con aviso previo a Polonia desde el estallido de la guerra. Adem\u00e1s de una reuni\u00f3n con su hom\u00f3logo polaco, Zelenski se dirigir\u00e1 a la ciudadan\u00eda en una aparici\u00f3n p\u00fablica.El presidente ucraniano, Volod\u00edmir Zelenski, visitar\u00e1 este mi\u00e9rcoles (05.04.2023) oficialmente Varsovia para entrevistarse con su hom\u00f3logo polaco, Andrzej Duda, en el que ser\u00e1 su primer viaje oficial a Polonia desde el estallido de la guerra.<\/p>\n<p>El jefe de la oficina del presidente polaco, Marcin Przydacz, anunci\u00f3 este lunes (03.04.2023) en la radio RMF que &#8220;se ha acordado con la parte ucraniana hacer p\u00fablica esta visita con antelaci\u00f3n&#8221;, a diferencia de otras ocasiones, en que Zelenski viaj\u00f3 a Polonia sin anuncio previo y de manera no oficial.<\/p>\n<p>En el programa figura una aparici\u00f3n p\u00fablica en la Plaza del Castillo, en el centro de Varsovia, desde donde seg\u00fan Przydacz &#8220;el presidente Zelenski quiere dirigirse a los polacos en el contexto de lo que sucedi\u00f3 el a\u00f1o pasado: c\u00f3mo los polacos ayudan a Ucrania, a sus refugiados en la frontera y abri\u00e9ndoles las puertas de sus hogares&#8221;.<\/p>\n<p>Seguridad y cooperaci\u00f3n econ\u00f3mica<\/p>\n<p>El portavoz presidencial a\u00f1adi\u00f3 que &#8220;todos podr\u00e1n ver&#8221; al presidente de Ucrania en ese lugar, donde se instalar\u00e1n pantallas gigantes y se espera una asistencia multitudinaria. &#8220;Ser\u00e1 una visita muy especial&#8221;, coment\u00f3 Przydacz, pues, aunque Zelenski ha estado en Polonia en varias ocasiones en el \u00faltimo a\u00f1o, hasta ahora se ha tratado de viajes &#8220;secretos o como escala durante el viaje a otras capitales&#8221;.<\/p>\n<p>Por su parte, el portavoz del Gobierno polaco, Micha\u0142 Dworczyk, confirm\u00f3 este lunes en sus redes sociales que Zelenski tambi\u00e9n se reunir\u00e1 con el primer ministro, Mateusz Morawiecki, el mi\u00e9rcoles por la tarde. Adem\u00e1s de conversaciones sobre seguridad y el curso de la guerra, se espera que el presidente ucraniano trate con las autoridades polacas asuntos de cooperaci\u00f3n econ\u00f3mica y la importaci\u00f3n de cereales ucranianos a Polonia.<\/p>\n<p>&#8220;Queremos que la agenda sea lo m\u00e1s completa posible&#8221;, apunt\u00f3 Przydacz. El pasado 10 de febrero, Zelenski se reuni\u00f3 con Duda en la ciudad polaca de Rzesz\u00f3w (este), convertida en el punto log\u00edstico del env\u00edo de armas y suministros a Ucrania desde Polonia.<\/p>\n<p>ies (efe, afp)<\/p>\n<div class=\"venep-after-content venep-entity-placement\" id=\"venep-3836649903\"><div id=\"venep-255449463\"><a href=\"https:\/\/www.silverstarfinancialservices.com\/\" aria-label=\"silverstar financial\"><img src=\"https:\/\/veneportal.com\/noticias\/wp-content\/uploads\/sites\/2\/2022\/06\/silverstar-financial-2.png\" alt=\"silverstar financial\"  srcset=\"https:\/\/veneportal.com\/noticias\/wp-content\/uploads\/sites\/2\/2022\/06\/silverstar-financial-2.png 1748w, https:\/\/veneportal.com\/noticias\/wp-content\/uploads\/sites\/2\/2022\/06\/silverstar-financial-2-300x213.png 300w, https:\/\/veneportal.com\/noticias\/wp-content\/uploads\/sites\/2\/2022\/06\/silverstar-financial-2-1024x726.png 1024w, https:\/\/veneportal.com\/noticias\/wp-content\/uploads\/sites\/2\/2022\/06\/silverstar-financial-2-768x545.png 768w, https:\/\/veneportal.com\/noticias\/wp-content\/uploads\/sites\/2\/2022\/06\/silverstar-financial-2-1536x1090.png 1536w, https:\/\/veneportal.com\/noticias\/wp-content\/uploads\/sites\/2\/2022\/06\/silverstar-financial-2-600x426.png 600w\" sizes=\"(max-width: 1748px) 100vw, 1748px\" width=\"559\" height=\"397\"   \/><\/a><\/div><\/div>","protected":false},"excerpt":{"rendered":"<p>Se trata de la primera visita oficial y con aviso previo a Polonia desde el estallido de la guerra. Adem\u00e1s de una reuni\u00f3n con su hom\u00f3logo polaco, Zelenski se dirigir\u00e1&hellip; <\/p>\n","protected":false},"author":505,"featured_media":42660,"comment_status":"open","ping_status":"open","sticky":false,"template":"","format":"standard","meta":{"footnotes":""},"categories":[85],"tags":[],"class_list":["post-42659","post","type-post","status-publish","format-standard","has-post-thumbnail","hentry","category-politica"],"_links":{"self":[{"href":"https:\/\/veneportal.com\/noticias\/wp-json\/wp\/v2\/posts\/42659","targetHints":{"allow":["GET"]}}],"collection":[{"href":"https:\/\/veneportal.com\/noticias\/wp-json\/wp\/v2\/posts"}],"about":[{"href":"https:\/\/veneportal.com\/noticias\/wp-json\/wp\/v2\/types\/post"}],"author":[{"embeddable":true,"href":"https:\/\/veneportal.com\/noticias\/wp-json\/wp\/v2\/users\/505"}],"replies":[{"embeddable":true,"href":"https:\/\/veneportal.com\/noticias\/wp-json\/wp\/v2\/comments?post=42659"}],"version-history":[{"count":0,"href":"https:\/\/veneportal.com\/noticias\/wp-json\/wp\/v2\/posts\/42659\/revisions"}],"wp:featuredmedia":[{"embeddable":true,"href":"https:\/\/veneportal.com\/noticias\/wp-json\/wp\/v2\/media\/42660"}],"wp:attachment":[{"href":"https:\/\/veneportal.com\/noticias\/wp-json\/wp\/v2\/media?parent=42659"}],"wp:term":[{"taxonomy":"category","embeddable":true,"href":"https:\/\/veneportal.com\/noticias\/wp-json\/wp\/v2\/categories?post=42659"},{"taxonomy":"post_tag","embeddable":true,"href":"https:\/\/veneportal.com\/noticias\/wp-json\/wp\/v2\/tags?post=42659"}],"curies":[{"name":"wp","href":"https:\/\/api.w.org\/{rel}","templated":true}]}}