{"id":42622,"date":"2023-04-02T00:00:06","date_gmt":"2023-04-02T04:00:06","guid":{"rendered":"https:\/\/veneportal.com\/noticias\/2023\/04\/02\/francia-investiga-38-denuncias-de-violencia-policial-en-protestas\/"},"modified":"2023-04-02T00:00:06","modified_gmt":"2023-04-02T04:00:06","slug":"francia-investiga-38-denuncias-de-violencia-policial-en-protestas","status":"publish","type":"post","link":"https:\/\/veneportal.com\/noticias\/2023\/04\/02\/francia-investiga-38-denuncias-de-violencia-policial-en-protestas\/","title":{"rendered":"Francia investiga 38 denuncias de violencia policial en protestas"},"content":{"rendered":"<p>&#8220;Nunca nos ha temblado la mano hacia aquellos que deshonran su propio uniforme&#8221;, dijo el ministro del Interior franc\u00e9s, G\u00e9rald Darmanin.El ministro de Interior de Francia, G\u00e9rald Darmanin, dijo que las fuerzas de seguridad han abierto 38 investigaciones internas por actuaciones violentas desde el inicio de la movilizaci\u00f3n contra la reforma de las pensionesen el pa\u00eds, seg\u00fan una entrevista publicada el domingo (02.04.2023).<\/p>\n<p>En declaraciones al diario Journal du Dimanche, Darmanin dijo que el \u00f3rgano de control de la polic\u00eda ha iniciado &#8220;36 investigaciones judiciales&#8221; y otras dos de la unidad equivalente en el cuerpo de gendarmer\u00eda.<\/p>\n<p>&#8220;Nunca nos ha temblado la mano hacia aquellos que deshonran su propio uniforme&#8221;, dijo el ministro ante el incremento de cr\u00edticas hacia la &#8220;violencia policial&#8221; en las protestas contra la reforma de las pensiones o en las que se oponen a un embalse en el oeste del pa\u00eds.<\/p>\n<p>As\u00ed, record\u00f3 que 111 polic\u00edas y gendarmes en 2021 y 101 en 2020 fueron sancionados por &#8220;uso desproporcionado de la fuerza&#8221;.<\/p>\n<p>De todos modos, el ministro defendi\u00f3 a las fuerzas de seguridad y apunt\u00f3 a la violencia de los manifestantes, especialmente en la protesta por la construcci\u00f3n de un embalse en Sainte-Soline, que deriv\u00f3 en una batalla campal.<\/p>\n<p>&#8220;En Sainte-Soline como en ciertas manifestaciones salvajes, no se trata de mantenimiento del orden, se trata de guerrilla&#8221;, dijo Darmanin, quien asegur\u00f3 que 1.093 agentes de seguridad han resultado heridos desde el 16 de marzo.<\/p>\n<p>A ra\u00edz de la ola de protestas en Francia, sindicatos de abogados, partidos de izquierda, la defensora del pueblo y oeneg\u00e9s como Amnist\u00eda Internacional han alertado contra la actuaci\u00f3n policial.<\/p>\n<p>Incluso el relator especial de la ONU y el Consejo de Europa expresaron su inquietud sobre el uso de la fuerza en la polic\u00eda francesa.<\/p>\n<p>&#8220;Entiendo las cr\u00edticas pero animo a sus autores a que, en vez de comentar extractos de videos desde Nueva York o Bruselas, vengan al terreno&#8221;, replic\u00f3 el ministro en esta entrevista.<\/p>\n<p>gs (afp, Journal du Dimanche)<\/p>\n<div class=\"venep-after-content venep-entity-placement\" id=\"venep-3747964584\"><div id=\"venep-958703796\"><a href=\"https:\/\/veneportal.com\/como-aparecer-en-google\/\" aria-label=\"como-se-beneficia-directorio-espana-flag\"><img src=\"https:\/\/veneportal.com\/noticias\/wp-content\/uploads\/sites\/2\/2021\/03\/como-se-beneficia-directorio-espana-flag.jpg\" alt=\"\"  srcset=\"https:\/\/veneportal.com\/noticias\/wp-content\/uploads\/sites\/2\/2021\/03\/como-se-beneficia-directorio-espana-flag.jpg 1747w, https:\/\/veneportal.com\/noticias\/wp-content\/uploads\/sites\/2\/2021\/03\/como-se-beneficia-directorio-espana-flag-300x213.jpg 300w, https:\/\/veneportal.com\/noticias\/wp-content\/uploads\/sites\/2\/2021\/03\/como-se-beneficia-directorio-espana-flag-1024x727.jpg 1024w, https:\/\/veneportal.com\/noticias\/wp-content\/uploads\/sites\/2\/2021\/03\/como-se-beneficia-directorio-espana-flag-768x545.jpg 768w, https:\/\/veneportal.com\/noticias\/wp-content\/uploads\/sites\/2\/2021\/03\/como-se-beneficia-directorio-espana-flag-1536x1090.jpg 1536w, https:\/\/veneportal.com\/noticias\/wp-content\/uploads\/sites\/2\/2021\/03\/como-se-beneficia-directorio-espana-flag-600x426.jpg 600w\" sizes=\"(max-width: 1747px) 100vw, 1747px\" width=\"1747\" height=\"1240\"   \/><\/a><\/div><\/div>","protected":false},"excerpt":{"rendered":"<p>&#8220;Nunca nos ha temblado la mano hacia aquellos que deshonran su propio uniforme&#8221;, dijo el ministro del Interior franc\u00e9s, G\u00e9rald Darmanin.El ministro de Interior de Francia, G\u00e9rald Darmanin, dijo que&hellip; <\/p>\n","protected":false},"author":505,"featured_media":42623,"comment_status":"open","ping_status":"open","sticky":false,"template":"","format":"standard","meta":{"footnotes":""},"categories":[85],"tags":[],"class_list":["post-42622","post","type-post","status-publish","format-standard","has-post-thumbnail","hentry","category-politica"],"_links":{"self":[{"href":"https:\/\/veneportal.com\/noticias\/wp-json\/wp\/v2\/posts\/42622","targetHints":{"allow":["GET"]}}],"collection":[{"href":"https:\/\/veneportal.com\/noticias\/wp-json\/wp\/v2\/posts"}],"about":[{"href":"https:\/\/veneportal.com\/noticias\/wp-json\/wp\/v2\/types\/post"}],"author":[{"embeddable":true,"href":"https:\/\/veneportal.com\/noticias\/wp-json\/wp\/v2\/users\/505"}],"replies":[{"embeddable":true,"href":"https:\/\/veneportal.com\/noticias\/wp-json\/wp\/v2\/comments?post=42622"}],"version-history":[{"count":0,"href":"https:\/\/veneportal.com\/noticias\/wp-json\/wp\/v2\/posts\/42622\/revisions"}],"wp:featuredmedia":[{"embeddable":true,"href":"https:\/\/veneportal.com\/noticias\/wp-json\/wp\/v2\/media\/42623"}],"wp:attachment":[{"href":"https:\/\/veneportal.com\/noticias\/wp-json\/wp\/v2\/media?parent=42622"}],"wp:term":[{"taxonomy":"category","embeddable":true,"href":"https:\/\/veneportal.com\/noticias\/wp-json\/wp\/v2\/categories?post=42622"},{"taxonomy":"post_tag","embeddable":true,"href":"https:\/\/veneportal.com\/noticias\/wp-json\/wp\/v2\/tags?post=42622"}],"curies":[{"name":"wp","href":"https:\/\/api.w.org\/{rel}","templated":true}]}}