{"id":42608,"date":"2023-04-01T10:00:04","date_gmt":"2023-04-01T14:00:04","guid":{"rendered":"https:\/\/veneportal.com\/noticias\/2023\/04\/01\/lopez-obrador-evita-hablar-con-los-migrantes-en-ciudad-juarez\/"},"modified":"2023-04-01T10:00:04","modified_gmt":"2023-04-01T14:00:04","slug":"lopez-obrador-evita-hablar-con-los-migrantes-en-ciudad-juarez","status":"publish","type":"post","link":"https:\/\/veneportal.com\/noticias\/2023\/04\/01\/lopez-obrador-evita-hablar-con-los-migrantes-en-ciudad-juarez\/","title":{"rendered":"L\u00f3pez Obrador evita hablar con los migrantes en Ciudad Ju\u00e1rez"},"content":{"rendered":"<p>[iframe src=&#8221;https:\/\/www.vozdeamerica.com\/embed\/player\/0\/7031319.html?type=video&#8221; width=&#8221;640&#8243; height=&#8221;360&#8243; frameborder=&#8221;0&#8243; scrolling=&#8221;no&#8221; allowfullscreen=&#8221;allowfullscreen&#8221;]<\/p>\n<p>El accidente mortal en un centro de detenci\u00f3n de Ciudad Ju\u00e1rez sigue siendo el centro del debate en Mexico, tanto que una visita del presidente Andr\u00e9s Manuel L\u00f3pez Obrador este viernes cre\u00f3 pol\u00e9micas porqu\u00e9 se neg\u00f3 a hablar con los migrantes. Iacopo Luzi, desde la frontera sur, nos cuenta.<\/p>\n<div class=\"venep-after-content venep-entity-placement\" id=\"venep-3037803757\"><div id=\"venep-4291369832\"><script async src=\"https:\/\/pagead2.googlesyndication.com\/pagead\/js\/adsbygoogle.js?client=ca-pub-5862940809620110\"\r\n     crossorigin=\"anonymous\"><\/script>\r\n<ins class=\"adsbygoogle\"\r\n     style=\"display:block\"\r\n     data-ad-format=\"fluid\"\r\n     data-ad-layout-key=\"-6t+ed+2i-1n-4w\"\r\n     data-ad-client=\"ca-pub-5862940809620110\"\r\n     data-ad-slot=\"7946604715\"><\/ins>\r\n<script>\r\n     (adsbygoogle = window.adsbygoogle || []).push({});\r\n<\/script><\/div><\/div>","protected":false},"excerpt":{"rendered":"<p>L\u00f3pez Obrador evita hablar con los migrantes en Ciudad Ju\u00e1rezEl accidente mortal en un centro de detenci\u00f3n de Ciudad Ju\u00e1rez sigue siendo el centro del debate en Mexico, tanto que una visita del presidente Andr\u00e9s Manuel L\u00f3pez Obrador este viernes cre\u00f3 pol\u00e9micas porqu\u00e9 se neg\u00f3 a hablar con los migrantes. Iacopo Luzi, desde la frontera sur, nos cuenta.<\/p>\n","protected":false},"author":1287,"featured_media":42609,"comment_status":"open","ping_status":"open","sticky":false,"template":"","format":"video","meta":{"footnotes":""},"categories":[93],"tags":[],"class_list":["post-42608","post","type-post","status-publish","format-video","has-post-thumbnail","hentry","category-multimedia","post_format-post-format-video"],"_links":{"self":[{"href":"https:\/\/veneportal.com\/noticias\/wp-json\/wp\/v2\/posts\/42608","targetHints":{"allow":["GET"]}}],"collection":[{"href":"https:\/\/veneportal.com\/noticias\/wp-json\/wp\/v2\/posts"}],"about":[{"href":"https:\/\/veneportal.com\/noticias\/wp-json\/wp\/v2\/types\/post"}],"author":[{"embeddable":true,"href":"https:\/\/veneportal.com\/noticias\/wp-json\/wp\/v2\/users\/1287"}],"replies":[{"embeddable":true,"href":"https:\/\/veneportal.com\/noticias\/wp-json\/wp\/v2\/comments?post=42608"}],"version-history":[{"count":0,"href":"https:\/\/veneportal.com\/noticias\/wp-json\/wp\/v2\/posts\/42608\/revisions"}],"wp:featuredmedia":[{"embeddable":true,"href":"https:\/\/veneportal.com\/noticias\/wp-json\/wp\/v2\/media\/42609"}],"wp:attachment":[{"href":"https:\/\/veneportal.com\/noticias\/wp-json\/wp\/v2\/media?parent=42608"}],"wp:term":[{"taxonomy":"category","embeddable":true,"href":"https:\/\/veneportal.com\/noticias\/wp-json\/wp\/v2\/categories?post=42608"},{"taxonomy":"post_tag","embeddable":true,"href":"https:\/\/veneportal.com\/noticias\/wp-json\/wp\/v2\/tags?post=42608"}],"curies":[{"name":"wp","href":"https:\/\/api.w.org\/{rel}","templated":true}]}}