{"id":42493,"date":"2023-03-31T00:02:04","date_gmt":"2023-03-31T04:02:04","guid":{"rendered":"https:\/\/veneportal.com\/noticias\/2023\/03\/31\/papa-francisco-vivir-sin-violencia-no-es-rendirse-sino-aspirar-a-todo\/"},"modified":"2023-03-31T00:02:04","modified_gmt":"2023-03-31T04:02:04","slug":"papa-francisco-vivir-sin-violencia-no-es-rendirse-sino-aspirar-a-todo","status":"publish","type":"post","link":"https:\/\/veneportal.com\/noticias\/2023\/03\/31\/papa-francisco-vivir-sin-violencia-no-es-rendirse-sino-aspirar-a-todo\/","title":{"rendered":"Papa Francisco: vivir sin violencia &#8220;no es rendirse&#8221;, sino &#8220;aspirar a todo&#8221;"},"content":{"rendered":"<p>En un video grabado antes de ser internado, el Santo Padre dijo que cualquier guerra &#8220;acaba siempre en una derrota para todos&#8221;, y pidi\u00f3 desarrollar &#8220;una cultura de la paz&#8221;.El papa Francisco considera que&#8221; vivir, hablar y actuar sin violencia no es rendirse&#8221; sino &#8220;aspirar a todo&#8221;, seg\u00fan declara en un video difundido el viernes (31.03.2023), pero grabado con antelaci\u00f3n, sobre la intenci\u00f3n de oraci\u00f3n del Santo Padre a trav\u00e9s de la Red Mundial de Oraci\u00f3n del Papa.<\/p>\n<p>El video ha sido difundido en coincidencia con la hospitalizaci\u00f3n de Jorge Bergoglio, que se encuentra ingresado desde este mi\u00e9rcoles en el hospital Gemelli de Roma por una infecci\u00f3n respiratoria, de la que est\u00e1 mejorando progresivamente gracias al tratamiento, seg\u00fan revel\u00f3 hoy el Vaticano.<\/p>\n<p>&#8220;Vivir, hablar y actuar sin violencia no es rendirse, no es perder ni renunciar a nada. Es aspirar a todo&#8221;, destac\u00f3 el papa en su videomensaje,en el que record\u00f3 lo que &#8220;dijo San Juan XXIII hace 60 a\u00f1os en la Enc\u00edclica Pacem in Terris, la guerra es una locura, est\u00e1 m\u00e1s all\u00e1 de la raz\u00f3n&#8221;.<\/p>\n<p>El papa insisti\u00f3 en que &#8220;cualquier guerra, cualquier enfrentamiento armado, acaba siempre en una derrota para todos&#8221; y pidi\u00f3: &#8220;Desarrollemos una cultura de la paz&#8221;.<\/p>\n<p>&#8220;Recordemos que incluso en los casos de leg\u00edtima defensa, la paz es el objetivo. Y que una paz duradera solo puede ser una paz sin armas&#8221;, resalt\u00f3, antes de a\u00f1adir: &#8220;Hagamos de la no violencia, tanto en la vida cotidiana como en las relaciones internacionales, una gu\u00eda para nuestra actuaci\u00f3n&#8221;.<\/p>\n<p>Tambi\u00e9n pidi\u00f3 que se rece &#8220;por una mayor difusi\u00f3n de la cultura de la no violencia, que pasa por el uso cada vez menor de las armas, tanto por parte de los Estados como de los ciudadanos&#8221;.<\/p>\n<p>El papa se encuentra ingresado del hospital Gemelli de Roma aquejado de una infecci\u00f3n respiratoria y su estado de salud de Francisco &#8220;mejora progresivamente&#8221; y est\u00e1 prosiguiendo el tratamiento indicado&#8221;, segun el Vaticano.<\/p>\n<p>Esta noche ha descansado &#8220;bien&#8221; y por la ma\u00f1ana, tras desayunar, ha le\u00eddo algunos peri\u00f3dicos y ha &#8220;retomado el trabajo&#8221; desde la habitaci\u00f3n. Adem\u00e1s, antes del almuerzo, acudi\u00f3 a la capilla del apartamento del hospital para rezar y asistir a la misa.<\/p>\n<p>Seg\u00fan los medios italianos, Francisco fue sometido este mi\u00e9rcoles a una TAC en el t\u00f3rax y a otras pruebas m\u00e9dicas, que han descartado la pulmon\u00eda, y su estado de salud no preocupa tras los resultados.<\/p>\n<p>gs (efe, afp)<\/p>\n<div class=\"venep-after-content venep-entity-placement\" id=\"venep-3493387792\"><div id=\"venep-2408109716\"><a href=\"https:\/\/www.silverstarfinancialservices.com\/\" aria-label=\"silverstar financial\"><img src=\"https:\/\/veneportal.com\/noticias\/wp-content\/uploads\/sites\/2\/2022\/06\/silverstar-financial-2.png\" alt=\"silverstar financial\"  srcset=\"https:\/\/veneportal.com\/noticias\/wp-content\/uploads\/sites\/2\/2022\/06\/silverstar-financial-2.png 1748w, https:\/\/veneportal.com\/noticias\/wp-content\/uploads\/sites\/2\/2022\/06\/silverstar-financial-2-300x213.png 300w, https:\/\/veneportal.com\/noticias\/wp-content\/uploads\/sites\/2\/2022\/06\/silverstar-financial-2-1024x726.png 1024w, https:\/\/veneportal.com\/noticias\/wp-content\/uploads\/sites\/2\/2022\/06\/silverstar-financial-2-768x545.png 768w, https:\/\/veneportal.com\/noticias\/wp-content\/uploads\/sites\/2\/2022\/06\/silverstar-financial-2-1536x1090.png 1536w, https:\/\/veneportal.com\/noticias\/wp-content\/uploads\/sites\/2\/2022\/06\/silverstar-financial-2-600x426.png 600w\" sizes=\"(max-width: 1748px) 100vw, 1748px\" width=\"559\" height=\"397\"   \/><\/a><\/div><\/div>","protected":false},"excerpt":{"rendered":"<p>En un video grabado antes de ser internado, el Santo Padre dijo que cualquier guerra &#8220;acaba siempre en una derrota para todos&#8221;, y pidi\u00f3 desarrollar &#8220;una cultura de la paz&#8221;.El&hellip; <\/p>\n","protected":false},"author":505,"featured_media":42494,"comment_status":"open","ping_status":"open","sticky":false,"template":"","format":"standard","meta":{"footnotes":""},"categories":[85],"tags":[],"class_list":["post-42493","post","type-post","status-publish","format-standard","has-post-thumbnail","hentry","category-politica"],"_links":{"self":[{"href":"https:\/\/veneportal.com\/noticias\/wp-json\/wp\/v2\/posts\/42493","targetHints":{"allow":["GET"]}}],"collection":[{"href":"https:\/\/veneportal.com\/noticias\/wp-json\/wp\/v2\/posts"}],"about":[{"href":"https:\/\/veneportal.com\/noticias\/wp-json\/wp\/v2\/types\/post"}],"author":[{"embeddable":true,"href":"https:\/\/veneportal.com\/noticias\/wp-json\/wp\/v2\/users\/505"}],"replies":[{"embeddable":true,"href":"https:\/\/veneportal.com\/noticias\/wp-json\/wp\/v2\/comments?post=42493"}],"version-history":[{"count":0,"href":"https:\/\/veneportal.com\/noticias\/wp-json\/wp\/v2\/posts\/42493\/revisions"}],"wp:featuredmedia":[{"embeddable":true,"href":"https:\/\/veneportal.com\/noticias\/wp-json\/wp\/v2\/media\/42494"}],"wp:attachment":[{"href":"https:\/\/veneportal.com\/noticias\/wp-json\/wp\/v2\/media?parent=42493"}],"wp:term":[{"taxonomy":"category","embeddable":true,"href":"https:\/\/veneportal.com\/noticias\/wp-json\/wp\/v2\/categories?post=42493"},{"taxonomy":"post_tag","embeddable":true,"href":"https:\/\/veneportal.com\/noticias\/wp-json\/wp\/v2\/tags?post=42493"}],"curies":[{"name":"wp","href":"https:\/\/api.w.org\/{rel}","templated":true}]}}