{"id":42243,"date":"2023-03-25T12:00:06","date_gmt":"2023-03-25T16:00:06","guid":{"rendered":"https:\/\/veneportal.com\/noticias\/2023\/03\/25\/dimite-el-obispo-de-osnabruck-cuestionado-por-su-gestion-de-los-casos-de-abusos\/"},"modified":"2023-03-25T12:00:06","modified_gmt":"2023-03-25T16:00:06","slug":"dimite-el-obispo-de-osnabruck-cuestionado-por-su-gestion-de-los-casos-de-abusos","status":"publish","type":"post","link":"https:\/\/veneportal.com\/noticias\/2023\/03\/25\/dimite-el-obispo-de-osnabruck-cuestionado-por-su-gestion-de-los-casos-de-abusos\/","title":{"rendered":"Dimite el obispo de Osnabr\u00fcck, cuestionado por su gesti\u00f3n de los casos de abusos"},"content":{"rendered":"<p>El Vaticano comunic\u00f3 este s\u00e1bado (25.03.2023) que Franz-Josef Bode ya no es obispo de Osnabr\u00fcck. El papa Francisco acept\u00f3 la renuncia del hombre de 72 a\u00f1os, que hab\u00eda sido duramente criticado por su gesti\u00f3n de casos de abuso. Aunque no se dieron expl\u00edcitamente los motivos de la decisi\u00f3n, el propio Bode las hab\u00eda explicado en un v\u00eddeo.<\/p>\n<p>&#8220;Especialmente al ocuparme de casos de violencia sexual por parte de cl\u00e9rigos, durante mucho tiempo yo tambi\u00e9n tuve la vista puesta en los perpetradores y la instituci\u00f3n, en lugar de en los afectados. Juzgu\u00e9 mal los casos, a menudo actu\u00e9 con vacilaci\u00f3n y, a veces, tom\u00e9 decisiones equivocadas. No he cumplido correctamente respecto a estos puntos mi responsabilidad como obispo de Osnabr\u00fcck&#8221;, afirm\u00f3. &#8220;Reconozco expresamente mi responsabilidad y mis errores personales. Hoy s\u00f3lo puedo volver a pedir perd\u00f3n a todos los afectados&#8221;, concluy\u00f3.<\/p>\n<p>El trasfondo de esto son los casos de abuso en su di\u00f3cesis, que se han dado a conocer a trav\u00e9s de un informe de la Universidad de Osnabr\u00fcck. En un caso, un sacerdote hab\u00eda ejercido violencia sexual contra una ni\u00f1a en una comunidad durante a\u00f1os. Los expertos acusan a Bode de haberle dado un puesto de direcci\u00f3n en el trabajo juvenil en el mismo a\u00f1o en que la v\u00edctima denunci\u00f3 al sacerdote ante el obispo. El a\u00f1o pasado, por ejemplo, se refiri\u00f3 a un caso de violencia sexual contra menores como una &#8220;relaci\u00f3n&#8221;, denunciaron las v\u00edctimas, que lo acusaron de defender m\u00e1s a los perpetradores que a ellas.<\/p>\n<p>Bode hab\u00eda anunciado recientemente que no quer\u00eda renunciar y no se hab\u00eda dado a conocer la petici\u00f3n correspondiente al Papa. El presidente de la Conferencia Episcopal Alemana, Georg B\u00e4tzing, acept\u00f3 la solicitud de renuncia, que no es la primera en la Iglesia cat\u00f3lica alemana, con &#8220;gran pesar y respeto&#8221;, seg\u00fan anunci\u00f3 DBK. Bode se convirti\u00f3 en obispo auxiliar de la archidi\u00f3cesis de Paderborn en 1991 y es obispo de Osnabr\u00fcck desde 1995. Era el obispo titular con m\u00e1s a\u00f1os de servicio en Alemania. (dpa\/kna)<\/p>\n<div class=\"venep-after-content venep-entity-placement\" id=\"venep-3721956859\"><div id=\"venep-1572824946\"><script async src=\"https:\/\/pagead2.googlesyndication.com\/pagead\/js\/adsbygoogle.js?client=ca-pub-5862940809620110\"\r\n     crossorigin=\"anonymous\"><\/script>\r\n<ins class=\"adsbygoogle\"\r\n     style=\"display:block\"\r\n     data-ad-format=\"fluid\"\r\n     data-ad-layout-key=\"-6t+ed+2i-1n-4w\"\r\n     data-ad-client=\"ca-pub-5862940809620110\"\r\n     data-ad-slot=\"7946604715\"><\/ins>\r\n<script>\r\n     (adsbygoogle = window.adsbygoogle || []).push({});\r\n<\/script><\/div><\/div>","protected":false},"excerpt":{"rendered":"<p>El Vaticano comunic\u00f3 este s\u00e1bado (25.03.2023) que Franz-Josef Bode ya no es obispo de Osnabr\u00fcck. El papa Francisco acept\u00f3 la renuncia del hombre de 72 a\u00f1os, que hab\u00eda sido duramente&hellip; <\/p>\n","protected":false},"author":505,"featured_media":42244,"comment_status":"open","ping_status":"open","sticky":false,"template":"","format":"standard","meta":{"footnotes":""},"categories":[85],"tags":[],"class_list":["post-42243","post","type-post","status-publish","format-standard","has-post-thumbnail","hentry","category-politica"],"_links":{"self":[{"href":"https:\/\/veneportal.com\/noticias\/wp-json\/wp\/v2\/posts\/42243","targetHints":{"allow":["GET"]}}],"collection":[{"href":"https:\/\/veneportal.com\/noticias\/wp-json\/wp\/v2\/posts"}],"about":[{"href":"https:\/\/veneportal.com\/noticias\/wp-json\/wp\/v2\/types\/post"}],"author":[{"embeddable":true,"href":"https:\/\/veneportal.com\/noticias\/wp-json\/wp\/v2\/users\/505"}],"replies":[{"embeddable":true,"href":"https:\/\/veneportal.com\/noticias\/wp-json\/wp\/v2\/comments?post=42243"}],"version-history":[{"count":0,"href":"https:\/\/veneportal.com\/noticias\/wp-json\/wp\/v2\/posts\/42243\/revisions"}],"wp:featuredmedia":[{"embeddable":true,"href":"https:\/\/veneportal.com\/noticias\/wp-json\/wp\/v2\/media\/42244"}],"wp:attachment":[{"href":"https:\/\/veneportal.com\/noticias\/wp-json\/wp\/v2\/media?parent=42243"}],"wp:term":[{"taxonomy":"category","embeddable":true,"href":"https:\/\/veneportal.com\/noticias\/wp-json\/wp\/v2\/categories?post=42243"},{"taxonomy":"post_tag","embeddable":true,"href":"https:\/\/veneportal.com\/noticias\/wp-json\/wp\/v2\/tags?post=42243"}],"curies":[{"name":"wp","href":"https:\/\/api.w.org\/{rel}","templated":true}]}}