{"id":40906,"date":"2023-02-26T00:02:04","date_gmt":"2023-02-26T05:02:04","guid":{"rendered":"https:\/\/veneportal.com\/noticias\/2023\/02\/26\/marchan-a-favor-de-inmigrantes-subsaharianos-en-tunez\/"},"modified":"2023-02-26T00:02:04","modified_gmt":"2023-02-26T05:02:04","slug":"marchan-a-favor-de-inmigrantes-subsaharianos-en-tunez","status":"publish","type":"post","link":"https:\/\/veneportal.com\/noticias\/2023\/02\/26\/marchan-a-favor-de-inmigrantes-subsaharianos-en-tunez\/","title":{"rendered":"Marchan a favor de inmigrantes subsaharianos en T\u00fanez"},"content":{"rendered":"<p>Cientos de personas se congregaron para criticar las declaraciones del presidente Kais Said, quien describi\u00f3 a este colectivo como una amenaza demogr\u00e1fica para el pa\u00eds.Cientos de personas participaron este s\u00e1bado (25.02.2023) en una marcha contra el racismo, que recorri\u00f3 las calles de la capital de T\u00fanez en apoyo a los migrantes subsaharianos que sufren una campa\u00f1a de odio desde que el presidente, Kais Said, describiera a este colectivo como una amenaza demogr\u00e1fica para el pa\u00eds. Los manifestantes exigieron al jefe del Estado que pida perd\u00f3n.<\/p>\n<p>&#8220;Abajo el fascismo, T\u00fanez es \u00c1frica&#8221; y &#8220;Kais Said, cobarde, nuestra madre es \u00c1frica, no la ofendas&#8221; fueron algunos de los c\u00e1nticos que se escucharon en la marcha, convocada por la sociedad civil y aplaudida desde los balcones por la poblaci\u00f3n afectada, que estos d\u00edas teme salir de sus casas porque tambi\u00e9n hay una campa\u00f1a de detenciones masivas de migrantes indocumentados.<\/p>\n<p>El martes por la noche, el presidente tunecino anunci\u00f3 &#8220;medidas urgentes&#8221; contra la inmigraci\u00f3n ilegal subsahariana en su pa\u00eds, denunciando la llegada de &#8220;hordas de clandestinos&#8221; y &#8220;una empresa criminal nacida en los albores de este siglo para cambiar la composici\u00f3n demogr\u00e1fica&#8221; del pa\u00eds, desdibujando el car\u00e1cter &#8220;\u00e1rabe musulm\u00e1n\u201d tunecino.<\/p>\n<p>&#8220;Gran reemplazo\u201d<\/p>\n<p>A este comentario, comparado con la teor\u00eda conspirativa del &#8220;Gran reemplazo&#8221; (que afirma que existe un plan para acabar con la poblaci\u00f3n blanca de Europa), le sigui\u00f3 un incremento de agresiones contra subsaharianos que llev\u00f3 a Said a matizar sus declaraciones. El viernes el ministro tunecino de Exteriores, Nabil Ammar, convoc\u00f3 un encuentro con embajadores de pa\u00edses al sur del Sahara para intentar calmar la situaci\u00f3n.<\/p>\n<p>Las declaraciones de Said llevaron a la Uni\u00f3n Africana a expresar su condena, el viernes, y a invitar a sus Estados miembros a &#8220;abstenerse de todo discurso de odio de car\u00e1cter racista que pueda perjudicar a las personas&#8221;. El presidente de la Comisi\u00f3n de la Uni\u00f3n Africana, Moussa Faki Mahamat, conden\u00f3 &#8220;en\u00e9rgicamente la impactante forma y contenido de la declaraci\u00f3n emitida por las autoridades tunecinas contra sus compatriotas africanos&#8221;.<\/p>\n<p>DZC (EFE, AFP)<\/p>\n<div class=\"venep-after-content venep-entity-placement\" id=\"venep-3562546706\"><div id=\"venep-2745598898\"><a href=\"https:\/\/veneportal.com\/directorio\/post-an-ad\/\" aria-label=\"list your business on veneportal for free\"><img src=\"https:\/\/veneportal.com\/noticias\/wp-content\/uploads\/sites\/2\/2021\/03\/list-your-business-for-free.png\" alt=\"list your business on veneportal for free\"  srcset=\"https:\/\/veneportal.com\/noticias\/wp-content\/uploads\/sites\/2\/2021\/03\/list-your-business-for-free.png 1748w, https:\/\/veneportal.com\/noticias\/wp-content\/uploads\/sites\/2\/2021\/03\/list-your-business-for-free-300x213.png 300w, https:\/\/veneportal.com\/noticias\/wp-content\/uploads\/sites\/2\/2021\/03\/list-your-business-for-free-1024x726.png 1024w, https:\/\/veneportal.com\/noticias\/wp-content\/uploads\/sites\/2\/2021\/03\/list-your-business-for-free-768x545.png 768w, https:\/\/veneportal.com\/noticias\/wp-content\/uploads\/sites\/2\/2021\/03\/list-your-business-for-free-1536x1090.png 1536w, https:\/\/veneportal.com\/noticias\/wp-content\/uploads\/sites\/2\/2021\/03\/list-your-business-for-free-600x426.png 600w\" sizes=\"(max-width: 1748px) 100vw, 1748px\" width=\"1748\" height=\"1240\"   \/><\/a><\/div><\/div>","protected":false},"excerpt":{"rendered":"<p>Cientos de personas se congregaron para criticar las declaraciones del presidente Kais Said, quien describi\u00f3 a este colectivo como una amenaza demogr\u00e1fica para el pa\u00eds.Cientos de personas participaron este s\u00e1bado&hellip; <\/p>\n","protected":false},"author":505,"featured_media":40907,"comment_status":"open","ping_status":"open","sticky":false,"template":"","format":"standard","meta":{"footnotes":""},"categories":[85],"tags":[],"class_list":["post-40906","post","type-post","status-publish","format-standard","has-post-thumbnail","hentry","category-politica"],"_links":{"self":[{"href":"https:\/\/veneportal.com\/noticias\/wp-json\/wp\/v2\/posts\/40906","targetHints":{"allow":["GET"]}}],"collection":[{"href":"https:\/\/veneportal.com\/noticias\/wp-json\/wp\/v2\/posts"}],"about":[{"href":"https:\/\/veneportal.com\/noticias\/wp-json\/wp\/v2\/types\/post"}],"author":[{"embeddable":true,"href":"https:\/\/veneportal.com\/noticias\/wp-json\/wp\/v2\/users\/505"}],"replies":[{"embeddable":true,"href":"https:\/\/veneportal.com\/noticias\/wp-json\/wp\/v2\/comments?post=40906"}],"version-history":[{"count":0,"href":"https:\/\/veneportal.com\/noticias\/wp-json\/wp\/v2\/posts\/40906\/revisions"}],"wp:featuredmedia":[{"embeddable":true,"href":"https:\/\/veneportal.com\/noticias\/wp-json\/wp\/v2\/media\/40907"}],"wp:attachment":[{"href":"https:\/\/veneportal.com\/noticias\/wp-json\/wp\/v2\/media?parent=40906"}],"wp:term":[{"taxonomy":"category","embeddable":true,"href":"https:\/\/veneportal.com\/noticias\/wp-json\/wp\/v2\/categories?post=40906"},{"taxonomy":"post_tag","embeddable":true,"href":"https:\/\/veneportal.com\/noticias\/wp-json\/wp\/v2\/tags?post=40906"}],"curies":[{"name":"wp","href":"https:\/\/api.w.org\/{rel}","templated":true}]}}