{"id":40565,"date":"2023-02-20T17:02:04","date_gmt":"2023-02-20T22:02:04","guid":{"rendered":"https:\/\/veneportal.com\/noticias\/2023\/02\/20\/lo-que-biden-dira-a-vladimir-putin-desde-polonia-a-un-ano-de-la-guerra\/"},"modified":"2023-02-20T17:02:04","modified_gmt":"2023-02-20T22:02:04","slug":"lo-que-biden-dira-a-vladimir-putin-desde-polonia-a-un-ano-de-la-guerra","status":"publish","type":"post","link":"https:\/\/veneportal.com\/noticias\/2023\/02\/20\/lo-que-biden-dira-a-vladimir-putin-desde-polonia-a-un-ano-de-la-guerra\/","title":{"rendered":"Lo que Biden dir\u00e1 a Vladimir Putin desde Polonia a un a\u00f1o de la guerra"},"content":{"rendered":"<p>[iframe src=&#8221;https:\/\/www.vozdeamerica.com\/embed\/player\/0\/6970819.html?type=video&#8221; width=&#8221;640&#8243; height=&#8221;360&#8243; frameborder=&#8221;0&#8243; scrolling=&#8221;no&#8221; allowfullscreen=&#8221;allowfullscreen&#8221;]<\/p>\n<p>A d\u00edas de que se cumpla el primer a\u00f1o de la invasi\u00f3n rusa a Ucrania, el presidente Joe Biden llegar\u00e1 a Varsovia para enviar un mensaje directo a Vladimir Putin. Se espera que Biden reitere la importancia de que Occidente act\u00fae unido para fortalecer la resistencia ucraniana. Informa Celia Mendoza.<\/p>\n<div class=\"venep-after-content venep-entity-placement\" id=\"venep-93130047\"><div id=\"venep-3911766427\"><a href=\"https:\/\/veneportal.com\/clasificados\/listing\/naiguata-restobar\/\" aria-label=\"naiguata retobar\"><img src=\"https:\/\/veneportal.com\/noticias\/wp-content\/uploads\/sites\/2\/2021\/07\/1.png\" alt=\"naiguata retobar\"  width=\"300\" height=\"250\"   \/><\/a><\/div><\/div>","protected":false},"excerpt":{"rendered":"<p>Lo que Biden dir\u00e1 a Vladimir Putin desde Polonia a un a\u00f1o de la guerraA d\u00edas de que se cumpla el primer a\u00f1o de la invasi\u00f3n rusa a Ucrania, el presidente Joe Biden llegar\u00e1 a Varsovia para enviar un mensaje directo a Vladimir Putin. Se espera que Biden reitere la importancia de que Occidente act\u00fae unido para fortalecer la resistencia ucraniana. Informa Celia Mendoza.<\/p>\n","protected":false},"author":1287,"featured_media":40566,"comment_status":"open","ping_status":"open","sticky":false,"template":"","format":"video","meta":{"footnotes":""},"categories":[93],"tags":[],"class_list":["post-40565","post","type-post","status-publish","format-video","has-post-thumbnail","hentry","category-multimedia","post_format-post-format-video"],"_links":{"self":[{"href":"https:\/\/veneportal.com\/noticias\/wp-json\/wp\/v2\/posts\/40565","targetHints":{"allow":["GET"]}}],"collection":[{"href":"https:\/\/veneportal.com\/noticias\/wp-json\/wp\/v2\/posts"}],"about":[{"href":"https:\/\/veneportal.com\/noticias\/wp-json\/wp\/v2\/types\/post"}],"author":[{"embeddable":true,"href":"https:\/\/veneportal.com\/noticias\/wp-json\/wp\/v2\/users\/1287"}],"replies":[{"embeddable":true,"href":"https:\/\/veneportal.com\/noticias\/wp-json\/wp\/v2\/comments?post=40565"}],"version-history":[{"count":0,"href":"https:\/\/veneportal.com\/noticias\/wp-json\/wp\/v2\/posts\/40565\/revisions"}],"wp:featuredmedia":[{"embeddable":true,"href":"https:\/\/veneportal.com\/noticias\/wp-json\/wp\/v2\/media\/40566"}],"wp:attachment":[{"href":"https:\/\/veneportal.com\/noticias\/wp-json\/wp\/v2\/media?parent=40565"}],"wp:term":[{"taxonomy":"category","embeddable":true,"href":"https:\/\/veneportal.com\/noticias\/wp-json\/wp\/v2\/categories?post=40565"},{"taxonomy":"post_tag","embeddable":true,"href":"https:\/\/veneportal.com\/noticias\/wp-json\/wp\/v2\/tags?post=40565"}],"curies":[{"name":"wp","href":"https:\/\/api.w.org\/{rel}","templated":true}]}}