{"id":39457,"date":"2023-01-31T22:50:45","date_gmt":"2023-02-01T03:50:45","guid":{"rendered":"https:\/\/veneportal.com\/noticias\/?p=39457"},"modified":"2023-01-31T23:39:55","modified_gmt":"2023-02-01T04:39:55","slug":"parques-mas-visitados-en-madrid","status":"publish","type":"post","link":"https:\/\/veneportal.com\/noticias\/2023\/01\/31\/parques-mas-visitados-en-madrid\/","title":{"rendered":"Los 5 parques y jardines mas visitados en Madrid por los turistas"},"content":{"rendered":"<p>[vc_row][vc_column][vc_column_text]<\/p>\n<h2>Los 5 parques y jardines mas visitados en Madrid por los turistas<\/h2>\n<p><span style=\"font-weight: 400;\">Madrid es la sexta comunidad de Espa\u00f1a que recibe m\u00e1s turistas internacionales al a\u00f1o. <\/span><span style=\"font-weight: 400;\">\u00a0Entre enero y noviembre,\u00a0<b>Espa\u00f1a<\/b>\u00a0recibi\u00f3 un 139% m\u00e1s de\u00a0<b>turistas<\/b> internacionales que en 2021, seg\u00fan los datos de la Encuesta de Movimientos Tur\u00edsticos en Frontera (Frontur).<\/span><\/p>\n<p><span style=\"font-weight: 400;\">A continuaci\u00f3n te enlistamos cinco lugares tur\u00edsticos que no pueden faltar en la pr\u00f3xima visita que realices a esta hermosa ciudad europea.<\/span><\/p>\n<h3><em><strong>1.Parque de El Retiro (<a href=\"https:\/\/www.google.com\/maps\/search\/parque+el+retiro\/@40.4044606,-3.7024339,14z\/data=!3m1!4b1\" target=\"_blank\" rel=\"noopener\">Ubicaci\u00f3n<\/a>)<\/strong><\/em><\/h3>\n<p><span style=\"font-weight: 400;\">Con 125 hect\u00e1reas y m\u00e1s de 15 000 \u00e1rboles, el parque de El Retiro es un remanso verde en el centro de Madrid. Especial atenci\u00f3n merecen algunos de sus jardines: el jard\u00edn de Vivaces, los jardines de Cecilio Rodr\u00edguez (jardines clasicistas con aires andaluces), los jardines del Arquitecto Herrero Palacios, la <\/span><a href=\"https:\/\/www.esmadrid.com\/informacion-turistica\/la-rosaleda-de-el-retiro\/\" target=\"_blank\" rel=\"noopener\"><span style=\"font-weight: 400;\">Rosaleda<\/span><\/a><span style=\"font-weight: 400;\"> (colecci\u00f3n de rosas) y el Parterre Franc\u00e9s con el ahuehuete, el \u00e1rbol m\u00e1s antiguo de Madrid, del que se dice que podr\u00eda tener alrededor de 400 a\u00f1os. Desde el 25 de julio de 2021, es reconocido, junto al Paseo del Prado, como <\/span><a href=\"https:\/\/paisajedelaluz.es\/\" target=\"_blank\" rel=\"noopener\"><span style=\"font-weight: 400;\">Patrimonio Mundial de la UNESCO<\/span><\/a><span style=\"font-weight: 400;\">.<\/span><\/p>\n<p><span style=\"font-weight: 400;\">No es solo uno de los pulmones de Madrid, sino que ofrece tambi\u00e9n cultura, ocio y deporte a madrile\u00f1os y visitantes. Entre sus elementos arquitect\u00f3nicos e hist\u00f3ricos m\u00e1s importantes se encuentran: el <\/span><a href=\"https:\/\/www.esmadrid.com\/informacion-turistica\/estanque-grande-de-el-retiro\/\" target=\"_blank\" rel=\"noopener\"><span style=\"font-weight: 400;\">Estanque Grande<\/span><\/a><span style=\"font-weight: 400;\">, que ofrece varias actividades, como barcas de remo, barco y aula solar y la Escuela Municipal de Pirag\u00fcismo, dirigida a ni\u00f1os y j\u00f3venes entre 7 y 17 a\u00f1os; el <\/span><a href=\"https:\/\/www.esmadrid.com\/informacion-turistica\/palacio-de-velazquez\/\" target=\"_blank\" rel=\"noopener\"><span style=\"font-weight: 400;\">Palacio de Vel\u00e1zquez<\/span><\/a><span style=\"font-weight: 400;\"> y el <\/span><a href=\"https:\/\/www.esmadrid.com\/informacion-turistica\/palacio-de-cristal\" target=\"_blank\" rel=\"noopener\"><span style=\"font-weight: 400;\">Palacio de Cristal<\/span><\/a><span style=\"font-weight: 400;\">, ambos utilizados actualmente como salas de exposiciones del <\/span><a href=\"https:\/\/www.esmadrid.com\/informacion-turistica\/museo-reina-sofia\" target=\"_blank\" rel=\"noopener\"><span style=\"font-weight: 400;\">Museo Reina Sof\u00eda<\/span><\/a><span style=\"font-weight: 400;\">. <\/span><\/p>\n<p><span style=\"font-weight: 400;\">El Palacio de Cristal, pabell\u00f3n rom\u00e1ntico creado para dar cabida a una muestra de plantas ex\u00f3ticas en la Exposici\u00f3n de Filipinas de 1887, es uno de los principales ejemplos de la arquitectura del hierro en Espa\u00f1a. <\/span><a href=\"https:\/\/www.esmadrid.com\/informacion-turistica\/parque-del-retiro\" target=\"_blank\" rel=\"noopener\"><span style=\"font-weight: 400;\">En este enlace puedes conocer m\u00e1s de este emblem\u00e1tico lugar madrile\u00f1o.<\/span><\/a><\/p>\n<h3><em><strong>2.Jardines de Sabatini (<a href=\"https:\/\/www.google.com\/maps\/place\/Jardines+de+Sabatini\/@40.420336,-3.7182311,17z\/data=!3m1!4b1!4m5!3m4!1s0xd42287a7731addf:0xdae626504cda711!8m2!3d40.420332!4d-3.7140039\" target=\"_blank\" rel=\"noopener\">Ubicaci\u00f3n<\/a>)<\/strong><\/em><\/h3>\n<p><span style=\"font-weight: 400;\">Jardines de tipo clasicista creados en la d\u00e9cada de 1930 en el lugar que ocupaban las caballerizas construidas por Sabatini para el <\/span><a href=\"https:\/\/www.esmadrid.com\/informacion-turistica\/palacio-real\" target=\"_blank\" rel=\"noopener\"><span style=\"font-weight: 400;\">Palacio Real<\/span><\/a><span style=\"font-weight: 400;\">, de ah\u00ed el nombre. Situados frente a la fachada norte del Palacio Real y promovidos durante la Segunda Rep\u00fablica, los jardines se terminaron de construir tras la Guerra Civil. Su car\u00e1cter arquitect\u00f3nico y ornamental como extensi\u00f3n del Palacio Real aument\u00f3 al disponer en ellos varias de las esculturas que estaban destinadas a decorar la cornisa del Palacio. De dise\u00f1o geom\u00e9trico, su privilegiada situaci\u00f3n los convierten en uno de los jardines m\u00e1s bellos del <\/span><a href=\"https:\/\/www.esmadrid.com\/barrios-de-madrid\/austrias\" target=\"_blank\" rel=\"noopener\"><span style=\"font-weight: 400;\">Madrid de los Austrias<\/span><\/a><span style=\"font-weight: 400;\">.<\/span><\/p>\n<p><span style=\"font-weight: 400;\">Si bien son espectaculares a cualquier hora del d\u00eda, es al caer la noche cuando alcanzan su grado m\u00e1ximo de espectacularidad, pues nos encontramos en uno de los mejores lugares de Madrid para presenciar el crep\u00fasculo. Desde el gran estanque rectangular del centro del jard\u00edn, rodeado por fuentes, \u00e1rboles y esculturas de m\u00e1rmol blanco, el visitante podr\u00e1 contemplar c\u00f3mo los tonos amarillos y rojizos cambian las tonalidades de las piedras gris\u00e1ceas del Palacio y ver\u00e1 finalmente el sol esconderse tras la perspectiva de la <\/span><a href=\"https:\/\/www.esmadrid.com\/informacion-turistica\/casa-de-campo\" target=\"_blank\" rel=\"noopener\"><span style=\"font-weight: 400;\">Casa de Campo<\/span><\/a><span style=\"font-weight: 400;\">. Est\u00e1 abierto al p\u00fablico todos los d\u00edas.<\/span><\/p>\n<h3><em><strong>3.Jardines del Campo del Moro (<a href=\"https:\/\/www.google.com\/maps\/place\/Campo+del+Moro\/@40.4182663,-3.7194841,17z\/data=!3m1!4b1!4m5!3m4!1s0xd4228811fdea2ed:0x8edd1ca64e0f3dcd!8m2!3d40.4182622!4d-3.7172954\" target=\"_blank\" rel=\"noopener\">Ubicaci\u00f3n<\/a>)<\/strong><\/em><\/h3>\n<p><span style=\"font-weight: 400;\">Este jard\u00edn hist\u00f3rico, cuya creaci\u00f3n se debe a Felipe II, es uno de los rincones escondidos y m\u00e1s especiales de Madrid. Situados en un eje verde, con m\u00e1s de 20 hect\u00e1reas, junto a Madrid R\u00edo, fueron declarados Monumento Hist\u00f3rico Art\u00edstico en 1931. Su nombre hace referencia a un episodio hist\u00f3rico sucedido en 1109, cuando el caudillo musulm\u00e1n Al\u00ed Ben Yusuf intent\u00f3 reconquistar Madrid tras la muerte del rey Alfonso VI, atacando el alc\u00e1zar desde la ladera pr\u00f3xima al r\u00edo. Sus tropas y \u00e9l acamparon en el lugar que hoy ocupan los jardines.<\/span><\/p>\n<p><span style=\"font-weight: 400;\">En el siglo XVI, el Rey Felipe II compr\u00f3 los terrenos colindantes al Alc\u00e1zar, convirti\u00e9ndose en la zona de ocio de la Corte en Madrid.\u00a0<\/span><\/p>\n<h3><em><strong>4.Parque El Capricho de la Alameda de Osuna (<a href=\"https:\/\/www.google.com\/maps\/place\/Jard%C3%ADn+hist%C3%B3rico+de+El+Capricho\/@40.4558623,-3.6013396,17z\/data=!3m1!4b1!4m5!3m4!1s0xd422fca8a58cf5b:0xe38c4cbd6db51bc1!8m2!3d40.4558582!4d-3.5991509\" target=\"_blank\" rel=\"noopener\">Ubicaci\u00f3n<\/a>)<\/strong><\/em><\/h3>\n<p><span style=\"font-weight: 400;\">Este hermoso jard\u00edn (<\/span><b>situado en el distrito de Barajas y abierto s\u00f3lo fines de semana y festivos<\/b><span style=\"font-weight: 400;\">) es uno de los parques m\u00e1s bellos y, parad\u00f3jicamente, m\u00e1s desconocidos de Madrid (sobre todo su b\u00fanker de la Guerra Civil)\u200b. Construido entre 1787 y 1839 para los Duques de Osuna, su principal promotora fue la duquesa, do\u00f1a Mar\u00eda Josefa de la Soledad Alonso Pimentel. Protectora de artistas, toreros e intelectuales, la duquesa cre\u00f3 un aut\u00e9ntico para\u00edso natural que frecuentaban las personalidades m\u00e1s ilustres de la \u00e9poca y en el que trabajaron los artistas, jardineros y escen\u00f3grafos con m\u00e1s prestigio.<\/span><\/p>\n<p><span style=\"font-weight: 400;\">El jard\u00edn ofrece tres estilos diferentes: el parterre o jard\u00edn franc\u00e9s, el paisaje ingl\u00e9s y el giardino italiano. Delante de la fachada oeste del palacio se extiende el parterre, con sus setos recortados como si de un bordado sobre la tierra se tratase. En la parte baja se sit\u00faa el italiano, el espacio m\u00e1s antiguo de la finca, que mezcla los setos con \u00e1rboles en los que tomar el sol en invierno o resguardarse a la sombra del sol veraniego. <\/span><\/p>\n<p><span style=\"font-weight: 400;\">Cerca de \u00e9ste, el laberinto, concebido para el juego amoroso y los escondites, est\u00e1 hecho con laurel y respeta los planos del que se plant\u00f3 en vida de la duquesa. Por \u00faltimo, el resto del parque est\u00e1 concebido como un t\u00edpico jard\u00edn paisajista ingl\u00e9s, evocando la naturaleza en su estado puro, que invita al paseo y a detenerse en los rincones m\u00e1s escondidos.<\/span><\/p>\n<h3><em><strong>5.Casa de Campo (<a href=\"https:\/\/www.google.com\/maps\/place\/Casa+de+Campo,+Madrid,+Espa%C3%B1a\/@40.4242956,-3.8157148,13z\/data=!3m1!4b1!4m5!3m4!1s0xd4187f6d7b76ea7:0x1136998d578ee2fc!8m2!3d40.4232823!4d-3.7585518\" target=\"_blank\" rel=\"noopener\">Ubicaci\u00f3n)<\/a><\/strong><\/em><\/h3>\n<p><span style=\"font-weight: 400;\">Sus 1.535,52 hect\u00e1reas convierten este espacio natural en el mayor parque p\u00fablico de Madrid. La historia de la Casa de Campo comenz\u00f3 con la decisi\u00f3n de Felipe II de trasladar la Corte a Madrid y residir en ella. El rey form\u00f3 una finca que un\u00eda el <\/span><a href=\"https:\/\/www.esmadrid.com\/informacion-turistica\/palacio-real\" target=\"_blank\" rel=\"noopener\"><span style=\"font-weight: 400;\">Palacio<\/span><\/a><span style=\"font-weight: 400;\"> con el cazadero de <\/span><a href=\"https:\/\/www.esmadrid.com\/informacion-turistica\/pardo\" target=\"_blank\" rel=\"noopener\"><span style=\"font-weight: 400;\">El Pardo<\/span><\/a><span style=\"font-weight: 400;\"> y alrededor de este n\u00facleo se fueron agregando fincas de labor y campos comprados a los colindantes. Con la llegada de la Segunda Rep\u00fablica (1931) el espacio fue cedido al pueblo de Madrid que desde entonces lo ha convertido en su parque preferido.<\/span><\/p>\n<p><span style=\"font-weight: 400;\">Con Fernando VI este sitio se declar\u00f3 Bosque Real. Dada la finalidad cineg\u00e9tica y campestre de la finca y la proximidad de Palacio, la primitiva casa de campo de los Vargas se ampli\u00f3 para acoger los aposentos reales para estos menesteres. Carlos III le dio un nuevo rumbo introduciendo ganader\u00eda y agricultura entre sus fines, que ser\u00edan continuados por la Reina Mar\u00eda Cristina.<\/span><\/p>\n<p><span style=\"font-weight: 400;\">Tras la proclamaci\u00f3n de la Segunda Rep\u00fablica, fue cedida por el Estado al pueblo de Madrid (1 de mayo de 1931), estando desde entonces abierta al p\u00fablico. En 2010, fue declarado Bien de Inter\u00e9s Cultural en la categor\u00eda de Sitio Hist\u00f3rico.<\/span><\/p>\n<p><span style=\"font-weight: 400;\">Fuente oficial: <\/span><a href=\"https:\/\/www.esmadrid.com\/parques-jardines-madrid?utm_source=portal&amp;utm_medium=menu_Parques_y_Jardines&amp;utm_campaign=enlace_Menu_Parques_y_Jardines\" target=\"_blank\" rel=\"noopener\"><span style=\"font-weight: 400;\">Sitio web esmadrid.es<\/span><\/a><\/p>\n<p>&nbsp;<\/p>\n<pre><em>Vea nuestra seccion de <a href=\"https:\/\/veneportal.com\/noticias\/category\/eventos\/\" target=\"_blank\" rel=\"noopener\">eventos.<\/a>\u00a0<\/em><\/pre>\n<pre>tags: los parques mas visitados en Madrid por los turistas, parques \r\nen Madrid, lugares de Madrid para visitar<\/pre>\n<p>[\/vc_column_text][\/vc_column][\/vc_row]<\/p>\n<div class=\"venep-after-content venep-entity-placement\" id=\"venep-1762468053\"><div id=\"venep-1278471543\"><a href=\"https:\/\/veneportal.com\/clasificados\/listing\/warriorolls-handrolleria\/\" aria-label=\"warriorolls\"><img src=\"https:\/\/veneportal.com\/noticias\/wp-content\/uploads\/sites\/2\/2021\/07\/6.png\" alt=\"warriorolls\"  width=\"300\" height=\"250\"   \/><\/a><\/div><\/div>","protected":false},"excerpt":{"rendered":"<p>[vc_row][vc_column][vc_column_text] Los 5 parques y jardines mas visitados en Madrid por los turistas Madrid es la sexta comunidad de Espa\u00f1a que recibe m\u00e1s turistas internacionales al a\u00f1o. \u00a0Entre enero y&hellip; <\/p>\n","protected":false},"author":55,"featured_media":39542,"comment_status":"open","ping_status":"open","sticky":false,"template":"","format":"standard","meta":{"footnotes":""},"categories":[83,102,70],"tags":[],"class_list":["post-39457","post","type-post","status-publish","format-standard","has-post-thumbnail","hentry","category-cultura","category-eventos","category-informacion"],"_links":{"self":[{"href":"https:\/\/veneportal.com\/noticias\/wp-json\/wp\/v2\/posts\/39457","targetHints":{"allow":["GET"]}}],"collection":[{"href":"https:\/\/veneportal.com\/noticias\/wp-json\/wp\/v2\/posts"}],"about":[{"href":"https:\/\/veneportal.com\/noticias\/wp-json\/wp\/v2\/types\/post"}],"author":[{"embeddable":true,"href":"https:\/\/veneportal.com\/noticias\/wp-json\/wp\/v2\/users\/55"}],"replies":[{"embeddable":true,"href":"https:\/\/veneportal.com\/noticias\/wp-json\/wp\/v2\/comments?post=39457"}],"version-history":[{"count":5,"href":"https:\/\/veneportal.com\/noticias\/wp-json\/wp\/v2\/posts\/39457\/revisions"}],"predecessor-version":[{"id":39543,"href":"https:\/\/veneportal.com\/noticias\/wp-json\/wp\/v2\/posts\/39457\/revisions\/39543"}],"wp:featuredmedia":[{"embeddable":true,"href":"https:\/\/veneportal.com\/noticias\/wp-json\/wp\/v2\/media\/39542"}],"wp:attachment":[{"href":"https:\/\/veneportal.com\/noticias\/wp-json\/wp\/v2\/media?parent=39457"}],"wp:term":[{"taxonomy":"category","embeddable":true,"href":"https:\/\/veneportal.com\/noticias\/wp-json\/wp\/v2\/categories?post=39457"},{"taxonomy":"post_tag","embeddable":true,"href":"https:\/\/veneportal.com\/noticias\/wp-json\/wp\/v2\/tags?post=39457"}],"curies":[{"name":"wp","href":"https:\/\/api.w.org\/{rel}","templated":true}]}}