{"id":39370,"date":"2023-01-28T23:02:04","date_gmt":"2023-01-29T04:02:04","guid":{"rendered":"https:\/\/veneportal.com\/noticias\/2023\/01\/28\/fiscalia-de-brasil-rechaza-sancionar-a-diputados-acusados-de-incitar-golpismo\/"},"modified":"2023-01-28T23:02:04","modified_gmt":"2023-01-29T04:02:04","slug":"fiscalia-de-brasil-rechaza-sancionar-a-diputados-acusados-de-incitar-golpismo","status":"publish","type":"post","link":"https:\/\/veneportal.com\/noticias\/2023\/01\/28\/fiscalia-de-brasil-rechaza-sancionar-a-diputados-acusados-de-incitar-golpismo\/","title":{"rendered":"Fiscal\u00eda de Brasil rechaza sancionar a diputados acusados de incitar golpismo"},"content":{"rendered":"<p>Un grupo de abogados solicit\u00f3 que los 11 diputados acusados fueran inhabilitados, pero la solicitud fue rechazada porque no existen pruebas que incitaron a protestar el 8 de enero y ahora cuenta con fuero parlamentario.La Fiscal\u00eda de Brasil manifest\u00f3 este s\u00e1bado (28.01.2023) su contrariedad a la posibilidad de que once diputados acusados de haber incitado los ataques golpistas del 8 de enero sean impedidos de asumir sus mandatos el pr\u00f3ximo mi\u00e9rcoles y de que se les abra una investigaci\u00f3n.<\/p>\n<p>La Procuradur\u00eda General de la Rep\u00fablica (Fiscal\u00eda) manifest\u00f3 su posici\u00f3n contra la posible sanci\u00f3n en respuesta a una petici\u00f3n de la Corte Suprema, que el viernes le dio un plazo de 24 horas para analizar la posible suspensi\u00f3n del acto de posesi\u00f3n de los once diputados acusados de apoyo a los actos antidemocr\u00e1ticos.<\/p>\n<p>La Fiscal\u00eda aleg\u00f3 en su parecer que a\u00fan no existen pruebas contra los acusados y que los diputados ya recibieron el diploma que los acredita como elegidos, por lo que ya cuentan con fuero parlamentario, por lo que le pidi\u00f3 al Supremo Tribunal Federal (STF) que rechace la petici\u00f3n de sanci\u00f3n solicitada por un grupo de abogados y archive el caso.<\/p>\n<p>Los parlamentarios, en su mayor\u00eda del Partido Liberal (PT), la formaci\u00f3n que postul\u00f3 la candidatura del entonces presidente Jair Bolsonaro a la reelecci\u00f3n, son acusados de haber divulgado en sus redes sociales mensajes de apoyo al asalto de miles de bolsonaristas contra las sedes de la Presidencia, el Congreso y la Corte Suprema.<\/p>\n<p>Con sus ataques, los seguidores del l\u00edder ultraderechista, de los que unos 1.800 han sido detenidos, pretend\u00edan forzar un golpe de Estado contra el progresista Luiz In\u00e1cio Lula da Silva, cuya victoria en las presidenciales de octubre se niegan a reconocer y que asumi\u00f3 su tercer mandato el 1 de enero.<\/p>\n<p>Como el nuevo a\u00f1o legislativo comienza el pr\u00f3ximo mi\u00e9rcoles, cuando los senadores y diputados reelegidos o elegidos asumir\u00e1n sus mandatos, un grupo de abogados le pidi\u00f3 al m\u00e1ximo tribunal que suspenda la posesi\u00f3n de los once acusados de incitar el golpismo.<\/p>\n<p>&#8220;No hay justa causa&#8221; para abrir investigaci\u00f3n<\/p>\n<p>El subprocurador general de la Rep\u00fablica, Carlos Frederico Santos, autor del parecer contrario a las sanciones, afirm\u00f3 que los diputados en cuesti\u00f3n ya cuentan con fuero parlamentario por lo que cualquier investigaci\u00f3n tiene que ser autorizada por el Congreso.<\/p>\n<p>Aleg\u00f3 igualmente que las acusaciones tienen que ser conducidas al Consejo de \u00c9tica de la C\u00e1mara de Diputados, que es el \u00f3rgano que tiene que decidir si hay m\u00e9rito para abrir una investigaci\u00f3n.<\/p>\n<p>&#8220;Como no existen hasta el presente momento elementos que indiquen que los diputados citados en la petici\u00f3n incurrieron, aunque sea como incitadores, en los cr\u00edmenes del 8 de enero, no hay justa causa para la apertura de una investigaci\u00f3n&#8221;, afirm\u00f3 el fiscal.<\/p>\n<p>Los abogados que piden la sanci\u00f3n acusaron a los parlamentarios de &#8220;endosar&#8221; los ataques de los bolsonaristas contra las sedes de los tres poderes.<\/p>\n<p>&#8220;No es aceptable o imaginable que personas que fueron elegidas como representantes del pueblo en un r\u00e9gimen democr\u00e1tico, por medio de una elecci\u00f3n libre, puedan apoyar, incentivar y hasta participar de actos que atenten contra el Estado Democr\u00e1tico de Derecho&#8221;, alegan.<\/p>\n<p>La Fiscal\u00eda ya abri\u00f3 investigaci\u00f3n contra dos de los once diputados acusados, Andr\u00e9 Fernandes y la militar ind\u00edgena Silvia Wai\u00e3pi, ambos del Partido Liberal, pero hasta ahora no han identificado en sus redes sociales mensajes de apoyo a los actos golpistas.<\/p>\n<p>Otro de los parlamentarios cuestionados es Nikolas Ferreira, tambi\u00e9n del Partido Liberal y el diputado m\u00e1s votado del pa\u00eds con casi un mill\u00f3n y medio de votos.<\/p>\n<p>mg (efe, O Globo)<\/p>\n<div class=\"venep-after-content venep-entity-placement\" id=\"venep-1500050565\"><div id=\"venep-1805584006\"><a href=\"https:\/\/veneportal.com\/directorio\/post-an-ad\/\" aria-label=\"directorio de negocios veneportal\"><img src=\"https:\/\/veneportal.com\/noticias\/wp-content\/uploads\/sites\/2\/2021\/03\/manolo-600X400.png\" alt=\"directorio de negocios veneportal\"  srcset=\"https:\/\/veneportal.com\/noticias\/wp-content\/uploads\/sites\/2\/2021\/03\/manolo-600X400.png 600w, https:\/\/veneportal.com\/noticias\/wp-content\/uploads\/sites\/2\/2021\/03\/manolo-600X400-300x200.png 300w, https:\/\/veneportal.com\/noticias\/wp-content\/uploads\/sites\/2\/2021\/03\/manolo-600X400-450x300.png 450w\" sizes=\"(max-width: 600px) 100vw, 600px\" width=\"600\" height=\"400\"   \/><\/a><\/div><\/div>","protected":false},"excerpt":{"rendered":"<p>Un grupo de abogados solicit\u00f3 que los 11 diputados acusados fueran inhabilitados, pero la solicitud fue rechazada porque no existen pruebas que incitaron a protestar el 8 de enero y&hellip; <\/p>\n","protected":false},"author":505,"featured_media":39371,"comment_status":"open","ping_status":"open","sticky":false,"template":"","format":"standard","meta":{"footnotes":""},"categories":[84],"tags":[],"class_list":["post-39370","post","type-post","status-publish","format-standard","has-post-thumbnail","hentry","category-america-latina"],"_links":{"self":[{"href":"https:\/\/veneportal.com\/noticias\/wp-json\/wp\/v2\/posts\/39370","targetHints":{"allow":["GET"]}}],"collection":[{"href":"https:\/\/veneportal.com\/noticias\/wp-json\/wp\/v2\/posts"}],"about":[{"href":"https:\/\/veneportal.com\/noticias\/wp-json\/wp\/v2\/types\/post"}],"author":[{"embeddable":true,"href":"https:\/\/veneportal.com\/noticias\/wp-json\/wp\/v2\/users\/505"}],"replies":[{"embeddable":true,"href":"https:\/\/veneportal.com\/noticias\/wp-json\/wp\/v2\/comments?post=39370"}],"version-history":[{"count":0,"href":"https:\/\/veneportal.com\/noticias\/wp-json\/wp\/v2\/posts\/39370\/revisions"}],"wp:featuredmedia":[{"embeddable":true,"href":"https:\/\/veneportal.com\/noticias\/wp-json\/wp\/v2\/media\/39371"}],"wp:attachment":[{"href":"https:\/\/veneportal.com\/noticias\/wp-json\/wp\/v2\/media?parent=39370"}],"wp:term":[{"taxonomy":"category","embeddable":true,"href":"https:\/\/veneportal.com\/noticias\/wp-json\/wp\/v2\/categories?post=39370"},{"taxonomy":"post_tag","embeddable":true,"href":"https:\/\/veneportal.com\/noticias\/wp-json\/wp\/v2\/tags?post=39370"}],"curies":[{"name":"wp","href":"https:\/\/api.w.org\/{rel}","templated":true}]}}