{"id":39253,"date":"2023-01-27T12:00:06","date_gmt":"2023-01-27T17:00:06","guid":{"rendered":"https:\/\/veneportal.com\/noticias\/2023\/01\/27\/parlamento-aleman-recuerda-a-minorias-sexuales-victimas-de-la-persecucion-nazi\/"},"modified":"2023-01-27T12:00:06","modified_gmt":"2023-01-27T17:00:06","slug":"parlamento-aleman-recuerda-a-minorias-sexuales-victimas-de-la-persecucion-nazi","status":"publish","type":"post","link":"https:\/\/veneportal.com\/noticias\/2023\/01\/27\/parlamento-aleman-recuerda-a-minorias-sexuales-victimas-de-la-persecucion-nazi\/","title":{"rendered":"Parlamento alem\u00e1n recuerda a minor\u00edas sexuales v\u00edctimas de la persecuci\u00f3n nazi"},"content":{"rendered":"<p>Por primera vez, el Bundestag consagr\u00f3 este viernes su conmemoraci\u00f3n anual del Holocausto a las personas asesinadas por su orientaci\u00f3n sexual o su identidad de g\u00e9nero.Alemania record\u00f3 hoy (27.01.2023) a las minor\u00edas sexuales v\u00edctimas de la persecuci\u00f3n nazi en el 78 aniversario de la liberaci\u00f3n del campo de exterminio de Auschwitz con un llamamiento a escuchar la historia de todos los grupos perseguidos.<\/p>\n<p>En un discurso ante el Bundestag, la c\u00e1mara baja del Parlamento alem\u00e1n, la superviviente del Holocausto Rozette Kats consider\u00f3 que &#8220;dividir a personas en categor\u00edas m\u00e1s o menos &#8216;valiosas&#8217; e incluso &#8220;considerar a ciertos grupos de v\u00edctimas menos &#8216;valiosos&#8217; que otros&#8221; al final significa s\u00f3lo una cosa: &#8220;que la ideolog\u00eda nacionalsocialista sigue viva&#8221;.<\/p>\n<p>Kats, quien dijo no pertenecer a una minor\u00eda sexual, pero haber recibido de peque\u00f1a otra identidad para sobrevivir a la persecuci\u00f3n nazi y haber llevado despu\u00e9s una &#8220;doble vida&#8221; al optar por seguir con &#8220;la m\u00e1scara de ni\u00f1a no jud\u00eda&#8221;, afirm\u00f3 no haber olvidado &#8220;lo malo que es tener que negarse a s\u00ed mismo y esconderse&#8221;.<\/p>\n<p>&#8220;Para esto s\u00f3lo hay una respuesta: todas las personas que fueron perseguidas en aquella \u00e9poca merecen un recuerdo respetuoso. Toda persona perseguida hoy tiene derecho a nuestro reconocimiento y protecci\u00f3n&#8221;, exigi\u00f3.<\/p>\n<p>Denunci\u00f3 que &#8220;la promesa de &#8216;\u00a1Nunca m\u00e1s!&#8217; no se refer\u00eda en absoluto a todos los grupos de v\u00edctimas de los nacionalsocialistas&#8221; y que minor\u00edas como la de los sinti y roma tuvieron que luchar durante d\u00e9cadas por su reconocimiento.<\/p>\n<p>Fin del nazismo no supuso fin de persecuci\u00f3n<\/p>\n<p>La presidenta del Bundestag, B\u00e4rbel Bas, por su parte, se\u00f1al\u00f3 que con la liberaci\u00f3n hace 78 a\u00f1os del campo nazi de Auschwitz tambi\u00e9n recuperaron la libertad las personas hechas prisioneras por su condici\u00f3n sexual.<\/p>\n<p>&#8220;Pero para ellos, el fin del nacionalsocialismo no supuso el fin de la persecuci\u00f3n estatal&#8221;, subray\u00f3.<\/p>\n<p>Record\u00f3 que en las dos Alemanias el art\u00edculo 175 del C\u00f3digo Penal que desde el Imperio alem\u00e1n castigaba las relaciones sexuales entre hombres con penas de c\u00e1rcel y que los nazis endurecieron, se sigui\u00f3 aplicando tambi\u00e9n despu\u00e9s de 1945, y en la Rep\u00fablica Federal incluso hasta 1969 en su versi\u00f3n nacionalsocialista.<\/p>\n<p>No fue hasta 1994 que se suprimi\u00f3 por completo este art\u00edculo y la anulaci\u00f3n de las sentencias llev\u00f3 todav\u00eda muchos a\u00f1os m\u00e1s, se\u00f1al\u00f3 Bas y record\u00f3 en un discurso el activista Klaus Schirdewahn, quien en 1964 fue declarado culpable por mantener relaciones sexuales con otro hombre y no vio retirados sus antecedentes penales hasta 2017.<\/p>\n<p>Aunque el art\u00edculo 175 se refer\u00eda a las relaciones homosexuales entre hombres, tambi\u00e9n las lesbianas y los transexuales sufrieron la persecuci\u00f3n por parte de los nazis, que los consideraban &#8220;asociales&#8221;, dijo Bas.<\/p>\n<p>&#8220;Las minor\u00edas sexuales tambi\u00e9n esperaron en vano durante mucho tiempo el reconocimiento como v\u00edctimas del nacionalsocialismo&#8221;, agreg\u00f3.<\/p>\n<p>ct (efe, afp)<\/p>\n<div class=\"venep-after-content venep-entity-placement\" id=\"venep-1499766686\"><div id=\"venep-1253234621\"><a href=\"https:\/\/www.silverstarfinancialservices.com\/\" aria-label=\"silverstar financial\"><img src=\"https:\/\/veneportal.com\/noticias\/wp-content\/uploads\/sites\/2\/2022\/06\/silverstar-financial-2.png\" alt=\"silverstar financial\"  srcset=\"https:\/\/veneportal.com\/noticias\/wp-content\/uploads\/sites\/2\/2022\/06\/silverstar-financial-2.png 1748w, https:\/\/veneportal.com\/noticias\/wp-content\/uploads\/sites\/2\/2022\/06\/silverstar-financial-2-300x213.png 300w, https:\/\/veneportal.com\/noticias\/wp-content\/uploads\/sites\/2\/2022\/06\/silverstar-financial-2-1024x726.png 1024w, https:\/\/veneportal.com\/noticias\/wp-content\/uploads\/sites\/2\/2022\/06\/silverstar-financial-2-768x545.png 768w, https:\/\/veneportal.com\/noticias\/wp-content\/uploads\/sites\/2\/2022\/06\/silverstar-financial-2-1536x1090.png 1536w, https:\/\/veneportal.com\/noticias\/wp-content\/uploads\/sites\/2\/2022\/06\/silverstar-financial-2-600x426.png 600w\" sizes=\"(max-width: 1748px) 100vw, 1748px\" width=\"559\" height=\"397\"   \/><\/a><\/div><\/div>","protected":false},"excerpt":{"rendered":"<p>Por primera vez, el Bundestag consagr\u00f3 este viernes su conmemoraci\u00f3n anual del Holocausto a las personas asesinadas por su orientaci\u00f3n sexual o su identidad de g\u00e9nero.Alemania record\u00f3 hoy (27.01.2023) a&hellip; <\/p>\n","protected":false},"author":505,"featured_media":39254,"comment_status":"open","ping_status":"open","sticky":false,"template":"","format":"standard","meta":{"footnotes":""},"categories":[85],"tags":[],"class_list":["post-39253","post","type-post","status-publish","format-standard","has-post-thumbnail","hentry","category-politica"],"_links":{"self":[{"href":"https:\/\/veneportal.com\/noticias\/wp-json\/wp\/v2\/posts\/39253","targetHints":{"allow":["GET"]}}],"collection":[{"href":"https:\/\/veneportal.com\/noticias\/wp-json\/wp\/v2\/posts"}],"about":[{"href":"https:\/\/veneportal.com\/noticias\/wp-json\/wp\/v2\/types\/post"}],"author":[{"embeddable":true,"href":"https:\/\/veneportal.com\/noticias\/wp-json\/wp\/v2\/users\/505"}],"replies":[{"embeddable":true,"href":"https:\/\/veneportal.com\/noticias\/wp-json\/wp\/v2\/comments?post=39253"}],"version-history":[{"count":0,"href":"https:\/\/veneportal.com\/noticias\/wp-json\/wp\/v2\/posts\/39253\/revisions"}],"wp:featuredmedia":[{"embeddable":true,"href":"https:\/\/veneportal.com\/noticias\/wp-json\/wp\/v2\/media\/39254"}],"wp:attachment":[{"href":"https:\/\/veneportal.com\/noticias\/wp-json\/wp\/v2\/media?parent=39253"}],"wp:term":[{"taxonomy":"category","embeddable":true,"href":"https:\/\/veneportal.com\/noticias\/wp-json\/wp\/v2\/categories?post=39253"},{"taxonomy":"post_tag","embeddable":true,"href":"https:\/\/veneportal.com\/noticias\/wp-json\/wp\/v2\/tags?post=39253"}],"curies":[{"name":"wp","href":"https:\/\/api.w.org\/{rel}","templated":true}]}}