{"id":39188,"date":"2023-01-26T12:00:06","date_gmt":"2023-01-26T17:00:06","guid":{"rendered":"https:\/\/veneportal.com\/noticias\/2023\/01\/26\/alemania-descarta-movil-terrorista-en-ataque-de-ayer-en-un-tren\/"},"modified":"2023-01-26T12:00:06","modified_gmt":"2023-01-26T17:00:06","slug":"alemania-descarta-movil-terrorista-en-ataque-de-ayer-en-un-tren","status":"publish","type":"post","link":"https:\/\/veneportal.com\/noticias\/2023\/01\/26\/alemania-descarta-movil-terrorista-en-ataque-de-ayer-en-un-tren\/","title":{"rendered":"Alemania descarta m\u00f3vil &#8220;terrorista&#8221; en ataque de ayer en un tren"},"content":{"rendered":"<p>El ataque con cuchillo en un tren regional alem\u00e1n, que dej\u00f3 dos muertos y varios heridos el mi\u00e9rcoles, no obedec\u00eda a ning\u00fan m\u00f3vil &#8220;terrorista&#8221;, indic\u00f3 este jueves la fiscal\u00eda encargada de la investigaci\u00f3n. &#8220;No hay ning\u00fan indicio de un contexto terrorista&#8221;, declar\u00f3 el jueves la AFP el portavoz de la fiscal\u00eda de Itzehoe (norte), Peter M\u00fcller-Rakow. &#8220;Los otros elementos de contexto y el desarrollo de los hechos son objeto de una investigaci\u00f3n&#8221;, agreg\u00f3.<\/p>\n<p>El atacante, de 33 a\u00f1os, es un hombre ap\u00e1trida de origen palestino. Fue detenido inmediatamente despu\u00e9s de los hechos el mi\u00e9rcoles y este jueves deb\u00eda comparecer ante un juez. Es sospechoso de haber apu\u00f1alado a varias personas en un tren regional que conecta Kiel y Hamburgo, en el norte de Alemania. Una joven de 16 a\u00f1os y un chico de 19 murieron. Otras siete personas fueron heridas, algunas de gravedad.<\/p>\n<p>El presunto atacante fue inmovilizado por testigos y luego fue arrestado en la estaci\u00f3n de Brokstedt. El sospechoso hab\u00eda salido de prisi\u00f3n a mediados de enero. Hab\u00eda sido detenido hace un a\u00f1o por atacar con un cuchillo a un hombre mientras estaba en la cola de un comedor para personas sin techo y dej\u00f3 a su v\u00edctima con heridas de gravedad. Al agresor, que seg\u00fan informaron ayer fuentes policiales sufre transtornos mentales, hab\u00eda actuado entonces bajo los efectos de una mezcla de coca\u00edna, hero\u00edna y alcohol, sostiene Der Spiegel. (afp\/efe)<\/p>\n<div class=\"venep-after-content venep-entity-placement\" id=\"venep-67647353\"><div id=\"venep-2176313659\"><a href=\"https:\/\/veneportal.com\/clasificados\/listing\/naiguata-restobar\/\" aria-label=\"naiguata retobar\"><img src=\"https:\/\/veneportal.com\/noticias\/wp-content\/uploads\/sites\/2\/2021\/07\/1.png\" alt=\"naiguata retobar\"  width=\"300\" height=\"250\"   \/><\/a><\/div><\/div>","protected":false},"excerpt":{"rendered":"<p>El ataque con cuchillo en un tren regional alem\u00e1n, que dej\u00f3 dos muertos y varios heridos el mi\u00e9rcoles, no obedec\u00eda a ning\u00fan m\u00f3vil &#8220;terrorista&#8221;, indic\u00f3 este jueves la fiscal\u00eda encargada&hellip; <\/p>\n","protected":false},"author":505,"featured_media":39189,"comment_status":"open","ping_status":"open","sticky":false,"template":"","format":"standard","meta":{"footnotes":""},"categories":[85],"tags":[],"class_list":["post-39188","post","type-post","status-publish","format-standard","has-post-thumbnail","hentry","category-politica"],"_links":{"self":[{"href":"https:\/\/veneportal.com\/noticias\/wp-json\/wp\/v2\/posts\/39188","targetHints":{"allow":["GET"]}}],"collection":[{"href":"https:\/\/veneportal.com\/noticias\/wp-json\/wp\/v2\/posts"}],"about":[{"href":"https:\/\/veneportal.com\/noticias\/wp-json\/wp\/v2\/types\/post"}],"author":[{"embeddable":true,"href":"https:\/\/veneportal.com\/noticias\/wp-json\/wp\/v2\/users\/505"}],"replies":[{"embeddable":true,"href":"https:\/\/veneportal.com\/noticias\/wp-json\/wp\/v2\/comments?post=39188"}],"version-history":[{"count":0,"href":"https:\/\/veneportal.com\/noticias\/wp-json\/wp\/v2\/posts\/39188\/revisions"}],"wp:featuredmedia":[{"embeddable":true,"href":"https:\/\/veneportal.com\/noticias\/wp-json\/wp\/v2\/media\/39189"}],"wp:attachment":[{"href":"https:\/\/veneportal.com\/noticias\/wp-json\/wp\/v2\/media?parent=39188"}],"wp:term":[{"taxonomy":"category","embeddable":true,"href":"https:\/\/veneportal.com\/noticias\/wp-json\/wp\/v2\/categories?post=39188"},{"taxonomy":"post_tag","embeddable":true,"href":"https:\/\/veneportal.com\/noticias\/wp-json\/wp\/v2\/tags?post=39188"}],"curies":[{"name":"wp","href":"https:\/\/api.w.org\/{rel}","templated":true}]}}