{"id":39186,"date":"2023-01-26T12:00:06","date_gmt":"2023-01-26T17:00:06","guid":{"rendered":"https:\/\/veneportal.com\/noticias\/2023\/01\/26\/presidente-israeli-pide-a-europa-reforzar-la-lucha-contra-el-antisemitismo\/"},"modified":"2023-01-26T12:00:06","modified_gmt":"2023-01-26T17:00:06","slug":"presidente-israeli-pide-a-europa-reforzar-la-lucha-contra-el-antisemitismo","status":"publish","type":"post","link":"https:\/\/veneportal.com\/noticias\/2023\/01\/26\/presidente-israeli-pide-a-europa-reforzar-la-lucha-contra-el-antisemitismo\/","title":{"rendered":"Presidente israel\u00ed pide a Europa reforzar la lucha contra el antisemitismo"},"content":{"rendered":"<p>El presidente de Israel, Isaac Herzog, inst\u00f3 a Europa a luchar contra el antisemitismo, y denunci\u00f3 un preocupante aumento de mensajes de odio que se difunde especialmente en l\u00ednea. &#8220;El discurso antisemita se fortalece no solo dentro de los reg\u00edmenes oscuros sino tambi\u00e9n en el coraz\u00f3n del Occidente libre y democr\u00e1tico&#8217;, dijo Herzog este jueves (26.01.2023) en un discurso ante el Parlamento Europeo por el D\u00eda de la Memoria del Holocausto.<\/p>\n<p>&#8220;El odio a los jud\u00edos todav\u00eda existe. El antisemitismo todav\u00eda existe. La negaci\u00f3n del Holocausto todav\u00eda existe&#8221;, insisti\u00f3. &#8220;Hago un llamado a los funcionarios electos de Europa para que no se queden al margen. Es necesario leer las se\u00f1ales de advertencia, detectar los s\u00edntomas de la pandemia de antisemitismo y combatirla a toda costa&#8221;, expres\u00f3. <\/p>\n<p>Un informe que la Uni\u00f3n Europea (UE) public\u00f3 en noviembre asegur\u00f3 que la desinformaci\u00f3n y el odio contra los jud\u00edos han &#8220;florecido&#8221; en l\u00ednea desde durante la invasi\u00f3n rusa de Ucrania, lo que agrav\u00f3 m\u00e1s una tendencia que se inici\u00f3 con la pandemia de coronavirus.<\/p>\n<p>Herzog tambi\u00e9n advirti\u00f3 a los pol\u00edticos europeos que no mezclen las cr\u00edticas a Israel con la negaci\u00f3n de &#8220;la existencia misma del Estado de Israel&#8221;. &#8220;Poner en duda el derecho del pueblo jud\u00edo a existir como estado naci\u00f3n no es una diplomacia leg\u00edtima (&#8230;) Es antisemitismo en el pleno sentido de la palabra&#8221; y debe ser completamente desarraigado&#8217;, afirm\u00f3. (afp)<\/p>\n<div class=\"venep-after-content venep-entity-placement\" id=\"venep-2146507917\"><div id=\"venep-562721987\"><script async src=\"https:\/\/pagead2.googlesyndication.com\/pagead\/js\/adsbygoogle.js?client=ca-pub-5862940809620110\"\r\n     crossorigin=\"anonymous\"><\/script>\r\n<ins class=\"adsbygoogle\"\r\n     style=\"display:block\"\r\n     data-ad-format=\"fluid\"\r\n     data-ad-layout-key=\"-6t+ed+2i-1n-4w\"\r\n     data-ad-client=\"ca-pub-5862940809620110\"\r\n     data-ad-slot=\"7946604715\"><\/ins>\r\n<script>\r\n     (adsbygoogle = window.adsbygoogle || []).push({});\r\n<\/script><\/div><\/div>","protected":false},"excerpt":{"rendered":"<p>El presidente de Israel, Isaac Herzog, inst\u00f3 a Europa a luchar contra el antisemitismo, y denunci\u00f3 un preocupante aumento de mensajes de odio que se difunde especialmente en l\u00ednea. &#8220;El&hellip; <\/p>\n","protected":false},"author":505,"featured_media":39187,"comment_status":"open","ping_status":"open","sticky":false,"template":"","format":"standard","meta":{"footnotes":""},"categories":[85],"tags":[],"class_list":["post-39186","post","type-post","status-publish","format-standard","has-post-thumbnail","hentry","category-politica"],"_links":{"self":[{"href":"https:\/\/veneportal.com\/noticias\/wp-json\/wp\/v2\/posts\/39186","targetHints":{"allow":["GET"]}}],"collection":[{"href":"https:\/\/veneportal.com\/noticias\/wp-json\/wp\/v2\/posts"}],"about":[{"href":"https:\/\/veneportal.com\/noticias\/wp-json\/wp\/v2\/types\/post"}],"author":[{"embeddable":true,"href":"https:\/\/veneportal.com\/noticias\/wp-json\/wp\/v2\/users\/505"}],"replies":[{"embeddable":true,"href":"https:\/\/veneportal.com\/noticias\/wp-json\/wp\/v2\/comments?post=39186"}],"version-history":[{"count":0,"href":"https:\/\/veneportal.com\/noticias\/wp-json\/wp\/v2\/posts\/39186\/revisions"}],"wp:featuredmedia":[{"embeddable":true,"href":"https:\/\/veneportal.com\/noticias\/wp-json\/wp\/v2\/media\/39187"}],"wp:attachment":[{"href":"https:\/\/veneportal.com\/noticias\/wp-json\/wp\/v2\/media?parent=39186"}],"wp:term":[{"taxonomy":"category","embeddable":true,"href":"https:\/\/veneportal.com\/noticias\/wp-json\/wp\/v2\/categories?post=39186"},{"taxonomy":"post_tag","embeddable":true,"href":"https:\/\/veneportal.com\/noticias\/wp-json\/wp\/v2\/tags?post=39186"}],"curies":[{"name":"wp","href":"https:\/\/api.w.org\/{rel}","templated":true}]}}