{"id":39092,"date":"2023-01-25T00:00:08","date_gmt":"2023-01-25T05:00:08","guid":{"rendered":"https:\/\/veneportal.com\/noticias\/2023\/01\/25\/familias-de-el-salvador-acuden-a-la-fiscalia-por-casos-de-desaparecidos\/"},"modified":"2023-01-25T00:00:08","modified_gmt":"2023-01-25T05:00:08","slug":"familias-de-el-salvador-acuden-a-la-fiscalia-por-casos-de-desaparecidos","status":"publish","type":"post","link":"https:\/\/veneportal.com\/noticias\/2023\/01\/25\/familias-de-el-salvador-acuden-a-la-fiscalia-por-casos-de-desaparecidos\/","title":{"rendered":"Familias de El Salvador acuden a la Fiscal\u00eda por casos de desaparecidos"},"content":{"rendered":"<p>ONG de derechos humanos reportaron, en los primeros cinco meses de 2022, casi 600 personas desaparecidas en El Salvador.Un grupo de personas de El Salvador entreg\u00f3 este martes (24.01.2023) a la Fiscal\u00eda General de la Rep\u00fablica (FGR) un documento con fotograf\u00edas de 43 casos de gente que ha sido reportada como desaparecida de la que no se sabe, a la fecha, su paradero.<\/p>\n<p>El abogado Henri Fino, de la Fundaci\u00f3n de Estudios para la Aplicaci\u00f3n del Derecho (FESPAD), explic\u00f3 a periodistas que el \u00e1lbum tambi\u00e9n contiene informaci\u00f3n de los casos y que fue elaborado por el Bloque de B\u00fasqueda de Personas Desaparecidas.<\/p>\n<p>&#8220;La situaci\u00f3n de la desaparici\u00f3n en El Salvador sigue golpeando a las familias salvadore\u00f1as. En esta oportunidad hemos venido a la Fiscal\u00eda a entregar el \u00e1lbum para exigir al fiscal (Rodolfo Delgado) que haga lo que corresponde seg\u00fan la Constituci\u00f3n y la Ley, que es investigar&#8221;, apunt\u00f3 el jurista. A\u00f1adi\u00f3 que esperan que &#8220;la Fiscal\u00eda asuma el papel que le corresponde&#8221;.<\/p>\n<p>Por su parte, Silvia Montalb\u00e1n, madre de un desaparecido, coment\u00f3 a la agencia EFE que ni la Polic\u00eda ni la Fiscal\u00eda le han ayudado a resolver el caso de su hijo, quien desapareci\u00f3 en marzo de 2015 cuando ten\u00eda 16 a\u00f1os. &#8220;Me lo arrebataron de una manera absurda, burda (&#8230;) hoy vivo con la ausencia de su presencia. Vivo porque camino, porque respiro, pero realmente all\u00ed (cuando desapareci\u00f3) se me acab\u00f3 a m\u00ed la vida&#8221;, dijo la mujer.<\/p>\n<p>Montalb\u00e1n se\u00f1al\u00f3 que su hijo cursaba octavo grado de educaci\u00f3n b\u00e1sica cuando desapareci\u00f3. &#8220;Pensar que est\u00e1 vivo, yo s\u00e9 que no. El ni\u00f1o ya no est\u00e1 (&#8230;) necesito cerrar ya el ciclo, que me den, aunque sea los huesitos, que me digan aqu\u00ed est\u00e1&#8221;, expres\u00f3. &#8220;La tierra de El Salvador no tiene que estar llena de personas desaparecidas, de j\u00f3venes, porque la mayor\u00eda son j\u00f3venes enterrados, desaparecidos, escondidos en fosas clandestinas&#8221;, agreg\u00f3.<\/p>\n<p>De acuerdo con FESPAD, el caso m\u00e1s antiguo presentado en el \u00e1lbum de fotograf\u00edas es de agosto de 2007 y el m\u00e1s reciente corresponde al 2022.<\/p>\n<p>Organizaciones de derechos humanos de El Salvador registraron al menos 577 personas desaparecidas a causa de la violencia social en los primeros cinco meses de 2022.<\/p>\n<p>La Comisi\u00f3n Interamericana de Derechos Humanos (CIDH) urgi\u00f3 en 2021 a El Salvador a adoptar medidas &#8220;preventivas&#8221; ante las desapariciones forzadas, un delito que, seg\u00fan ONG del pa\u00eds centroamericano, ha sufrido un &#8220;considerable aumento&#8221;.<\/p>\n<p>ama (efe, tvx, ysuca)<\/p>\n<div class=\"venep-after-content venep-entity-placement\" id=\"venep-4247012374\"><div id=\"venep-3711792730\"><script async src=\"https:\/\/pagead2.googlesyndication.com\/pagead\/js\/adsbygoogle.js?client=ca-pub-5862940809620110\"\r\n     crossorigin=\"anonymous\"><\/script>\r\n<ins class=\"adsbygoogle\"\r\n     style=\"display:block\"\r\n     data-ad-format=\"fluid\"\r\n     data-ad-layout-key=\"-6t+ed+2i-1n-4w\"\r\n     data-ad-client=\"ca-pub-5862940809620110\"\r\n     data-ad-slot=\"7946604715\"><\/ins>\r\n<script>\r\n     (adsbygoogle = window.adsbygoogle || []).push({});\r\n<\/script><\/div><\/div>","protected":false},"excerpt":{"rendered":"<p>ONG de derechos humanos reportaron, en los primeros cinco meses de 2022, casi 600 personas desaparecidas en El Salvador.Un grupo de personas de El Salvador entreg\u00f3 este martes (24.01.2023) a&hellip; <\/p>\n","protected":false},"author":505,"featured_media":28671,"comment_status":"open","ping_status":"open","sticky":false,"template":"","format":"standard","meta":{"footnotes":""},"categories":[81],"tags":[],"class_list":["post-39092","post","type-post","status-publish","format-standard","has-post-thumbnail","hentry","category-actualidad"],"_links":{"self":[{"href":"https:\/\/veneportal.com\/noticias\/wp-json\/wp\/v2\/posts\/39092","targetHints":{"allow":["GET"]}}],"collection":[{"href":"https:\/\/veneportal.com\/noticias\/wp-json\/wp\/v2\/posts"}],"about":[{"href":"https:\/\/veneportal.com\/noticias\/wp-json\/wp\/v2\/types\/post"}],"author":[{"embeddable":true,"href":"https:\/\/veneportal.com\/noticias\/wp-json\/wp\/v2\/users\/505"}],"replies":[{"embeddable":true,"href":"https:\/\/veneportal.com\/noticias\/wp-json\/wp\/v2\/comments?post=39092"}],"version-history":[{"count":0,"href":"https:\/\/veneportal.com\/noticias\/wp-json\/wp\/v2\/posts\/39092\/revisions"}],"wp:featuredmedia":[{"embeddable":true,"href":"https:\/\/veneportal.com\/noticias\/wp-json\/wp\/v2\/media\/28671"}],"wp:attachment":[{"href":"https:\/\/veneportal.com\/noticias\/wp-json\/wp\/v2\/media?parent=39092"}],"wp:term":[{"taxonomy":"category","embeddable":true,"href":"https:\/\/veneportal.com\/noticias\/wp-json\/wp\/v2\/categories?post=39092"},{"taxonomy":"post_tag","embeddable":true,"href":"https:\/\/veneportal.com\/noticias\/wp-json\/wp\/v2\/tags?post=39092"}],"curies":[{"name":"wp","href":"https:\/\/api.w.org\/{rel}","templated":true}]}}