{"id":39078,"date":"2023-01-24T18:00:05","date_gmt":"2023-01-24T23:00:05","guid":{"rendered":"https:\/\/veneportal.com\/noticias\/2023\/01\/24\/uruguay-propone-a-celac-crear-zona-de-libre-comercio-en-america-latina\/"},"modified":"2023-01-24T18:00:05","modified_gmt":"2023-01-24T23:00:05","slug":"uruguay-propone-a-celac-crear-zona-de-libre-comercio-en-america-latina","status":"publish","type":"post","link":"https:\/\/veneportal.com\/noticias\/2023\/01\/24\/uruguay-propone-a-celac-crear-zona-de-libre-comercio-en-america-latina\/","title":{"rendered":"Uruguay propone a Celac crear zona de libre comercio en Am\u00e9rica Latina"},"content":{"rendered":"<p>El presidente Lacalle Pou abog\u00f3 por impulsar una zona de libre comercio &#8220;desde M\u00e9xico hasta el sur de Am\u00e9rica del Sur&#8221;. Tambi\u00e9n, critic\u00f3 los pa\u00edses de la Celac que &#8220;no respetan la democracia ni los derechos humanos&#8221;.El presidente de Uruguay, Luis Lacalle Pou, plante\u00f3 este martes (24.01.2023) que la Comunidad de Estados Latinoamericanos y Caribe\u00f1os (Celac) impulse la creaci\u00f3n de una zona de libre comercio regional, a la vez que critic\u00f3 a los pa\u00edses del grupo que &#8220;no respetan la democracia ni los derechos humanos&#8221;.<\/p>\n<p>&#8220;\u00bfNo ser\u00e1 momento de sincerar estas relaciones y que desde la Celac se impulse una zona de libre comercio entre nuestros pa\u00edses, desde M\u00e9xico hasta el sur de Am\u00e9rica del Sur?&#8221;, pregunt\u00f3. &#8220;Tenemos ah\u00ed las posibilidades de comerciar libremente. Muchas de nuestras econom\u00edas son complementarias y estoy seguro de que podr\u00edamos avanzar&#8221;, agreg\u00f3.<\/p>\n<p>Uruguay ha sido criticado por sus socios de Mercosur (Argentina, Brasil y Paraguay) por haber iniciado contactos con China para negociar un tratado de libre comercio y haber pedido la entrada en el Tratado Integral y Progresivo de Asociaci\u00f3n Transpac\u00edfico (TPP11). <\/p>\n<p>El mandatario uruguayo, uno de los pocos gobernantes de centroderecha en asistir a la cumbre de Buenos Aires, critic\u00f3 la &#8220;tentaci\u00f3n ideol\u00f3gica en los foros internacionales&#8221;, que termina provocando que se desvanezcan.<\/p>\n<p>&#8220;He escuchado discursos que comparto totalmente, otros que comparto la mitad y otros que no comparto casi nada. Pero entiendo que nuestras naciones se tienen que vincular&#8221;, sostuvo.<\/p>\n<p>La declaraci\u00f3n de la cumbre de la Celac &#8220;habla de respeto a la democracia, los derechos humanos y el cuidado a las instituciones&#8221;, expres\u00f3 Lacalle. Pero &#8220;claramente hay pa\u00edses ac\u00e1 que no respetan ni las instituciones, la democracia ni los derechos humanos&#8221;.<\/p>\n<p>La VII cumbre de la Celac culmina este martes luego de una sesi\u00f3n cerrada de la cual se conocieron solo algunos discursos.<\/p>\n<p>afp\/efe \/rr<\/p>\n<div class=\"venep-after-content venep-entity-placement\" id=\"venep-4172970629\"><div id=\"venep-2577822221\"><a href=\"https:\/\/veneportal.com\/precios-premium\/\" aria-label=\"anuncios digitales $1 veneportal\"><img src=\"https:\/\/veneportal.com\/noticias\/wp-content\/uploads\/sites\/2\/2021\/03\/anuncios-digitals-1.png\" alt=\"anuncios digitales $1 veneportal\"  srcset=\"https:\/\/veneportal.com\/noticias\/wp-content\/uploads\/sites\/2\/2021\/03\/anuncios-digitals-1.png 1748w, https:\/\/veneportal.com\/noticias\/wp-content\/uploads\/sites\/2\/2021\/03\/anuncios-digitals-1-300x213.png 300w, https:\/\/veneportal.com\/noticias\/wp-content\/uploads\/sites\/2\/2021\/03\/anuncios-digitals-1-1024x726.png 1024w, https:\/\/veneportal.com\/noticias\/wp-content\/uploads\/sites\/2\/2021\/03\/anuncios-digitals-1-768x545.png 768w, https:\/\/veneportal.com\/noticias\/wp-content\/uploads\/sites\/2\/2021\/03\/anuncios-digitals-1-1536x1090.png 1536w, https:\/\/veneportal.com\/noticias\/wp-content\/uploads\/sites\/2\/2021\/03\/anuncios-digitals-1-600x426.png 600w\" sizes=\"(max-width: 1748px) 100vw, 1748px\" width=\"1748\" height=\"1240\"   \/><\/a><\/div><\/div>","protected":false},"excerpt":{"rendered":"<p>El presidente Lacalle Pou abog\u00f3 por impulsar una zona de libre comercio &#8220;desde M\u00e9xico hasta el sur de Am\u00e9rica del Sur&#8221;. Tambi\u00e9n, critic\u00f3 los pa\u00edses de la Celac que &#8220;no&hellip; <\/p>\n","protected":false},"author":505,"featured_media":39079,"comment_status":"open","ping_status":"open","sticky":false,"template":"","format":"standard","meta":{"footnotes":""},"categories":[81],"tags":[],"class_list":["post-39078","post","type-post","status-publish","format-standard","has-post-thumbnail","hentry","category-actualidad"],"_links":{"self":[{"href":"https:\/\/veneportal.com\/noticias\/wp-json\/wp\/v2\/posts\/39078","targetHints":{"allow":["GET"]}}],"collection":[{"href":"https:\/\/veneportal.com\/noticias\/wp-json\/wp\/v2\/posts"}],"about":[{"href":"https:\/\/veneportal.com\/noticias\/wp-json\/wp\/v2\/types\/post"}],"author":[{"embeddable":true,"href":"https:\/\/veneportal.com\/noticias\/wp-json\/wp\/v2\/users\/505"}],"replies":[{"embeddable":true,"href":"https:\/\/veneportal.com\/noticias\/wp-json\/wp\/v2\/comments?post=39078"}],"version-history":[{"count":0,"href":"https:\/\/veneportal.com\/noticias\/wp-json\/wp\/v2\/posts\/39078\/revisions"}],"wp:featuredmedia":[{"embeddable":true,"href":"https:\/\/veneportal.com\/noticias\/wp-json\/wp\/v2\/media\/39079"}],"wp:attachment":[{"href":"https:\/\/veneportal.com\/noticias\/wp-json\/wp\/v2\/media?parent=39078"}],"wp:term":[{"taxonomy":"category","embeddable":true,"href":"https:\/\/veneportal.com\/noticias\/wp-json\/wp\/v2\/categories?post=39078"},{"taxonomy":"post_tag","embeddable":true,"href":"https:\/\/veneportal.com\/noticias\/wp-json\/wp\/v2\/tags?post=39078"}],"curies":[{"name":"wp","href":"https:\/\/api.w.org\/{rel}","templated":true}]}}