{"id":39074,"date":"2023-01-24T18:00:05","date_gmt":"2023-01-24T23:00:05","guid":{"rendered":"https:\/\/veneportal.com\/noticias\/2023\/01\/24\/mexico-rechaza-la-idea-de-una-moneda-comun-en-latinoamerica\/"},"modified":"2023-01-24T18:00:05","modified_gmt":"2023-01-24T23:00:05","slug":"mexico-rechaza-la-idea-de-una-moneda-comun-en-latinoamerica","status":"publish","type":"post","link":"https:\/\/veneportal.com\/noticias\/2023\/01\/24\/mexico-rechaza-la-idea-de-una-moneda-comun-en-latinoamerica\/","title":{"rendered":"M\u00e9xico rechaza la idea de una moneda com\u00fan en Latinoam\u00e9rica"},"content":{"rendered":"<p>&#8220;Por muchas razones tenemos que seguir manteniendo como referencia al d\u00f3lar&#8221;, sostuvo el presidente L\u00f3pez Obrador. La idea de una moneda \u00fanica fue planteada por Lula y su hom\u00f3logo argentino Alberto Fern\u00e1ndez.M\u00e9xico rechaza sumarse la idea de crear una moneda com\u00fan en Am\u00e9rica Latina para intercambios comerciales semejante a la propuesta por Brasil y Argentina, dijo el presidente mexicano Andr\u00e9s Manuel L\u00f3pez Obrador este martes (24.01.2023).<\/p>\n<p>&#8220;Nosotros no estar\u00edamos de acuerdo. Por muchas razones tenemos que seguir manteniendo como referencia al d\u00f3lar&#8221;, dijo el mandatario izquierdista en su conferencia matutina de prensa.<\/p>\n<p>Las declaraciones se producen un d\u00eda despu\u00e9s de que el presidente de Brasil, Luiz In\u00e1cio Lula da Silva, y su hom\u00f3logo argentino Alberto Fern\u00e1ndez defendieran que se avance en un proyecto de moneda com\u00fan en Suram\u00e9rica para transacciones comerciales.<\/p>\n<p>Pero, cuestionado por el tema, L\u00f3pez Obrador dud\u00f3 de la veracidad de la iniciativa. &#8220;Quiero aclarar algo, no estoy seguro de que sea una propuesta de Argentina y de Brasil, creo que puede faltar informaci\u00f3n. Yo no he visto nada sobre este tema\u201d, asever\u00f3.<\/p>\n<p>Asimismo, asegur\u00f3 que le preocupa &#8220;que sea algo inventado para perjudicar la imagen de Brasil yArgentina o para buscar la confrontaci\u00f3n con Estados Unidos por el d\u00f3lar\u201d.<\/p>\n<p>afp\/efe \/rr<\/p>\n<div class=\"venep-after-content venep-entity-placement\" id=\"venep-2816334857\"><div id=\"venep-649353237\"><a href=\"https:\/\/veneportal.com\/clasificados\/listing\/regina-nails-by-regina-lugo\/\" aria-label=\"regina nails\"><img src=\"https:\/\/veneportal.com\/noticias\/wp-content\/uploads\/sites\/2\/2021\/07\/7.png\" alt=\"regina nails\"  width=\"300\" height=\"250\"   \/><\/a><\/div><\/div>","protected":false},"excerpt":{"rendered":"<p>&#8220;Por muchas razones tenemos que seguir manteniendo como referencia al d\u00f3lar&#8221;, sostuvo el presidente L\u00f3pez Obrador. La idea de una moneda \u00fanica fue planteada por Lula y su hom\u00f3logo argentino&hellip; <\/p>\n","protected":false},"author":505,"featured_media":39075,"comment_status":"open","ping_status":"open","sticky":false,"template":"","format":"standard","meta":{"footnotes":""},"categories":[81],"tags":[],"class_list":["post-39074","post","type-post","status-publish","format-standard","has-post-thumbnail","hentry","category-actualidad"],"_links":{"self":[{"href":"https:\/\/veneportal.com\/noticias\/wp-json\/wp\/v2\/posts\/39074","targetHints":{"allow":["GET"]}}],"collection":[{"href":"https:\/\/veneportal.com\/noticias\/wp-json\/wp\/v2\/posts"}],"about":[{"href":"https:\/\/veneportal.com\/noticias\/wp-json\/wp\/v2\/types\/post"}],"author":[{"embeddable":true,"href":"https:\/\/veneportal.com\/noticias\/wp-json\/wp\/v2\/users\/505"}],"replies":[{"embeddable":true,"href":"https:\/\/veneportal.com\/noticias\/wp-json\/wp\/v2\/comments?post=39074"}],"version-history":[{"count":0,"href":"https:\/\/veneportal.com\/noticias\/wp-json\/wp\/v2\/posts\/39074\/revisions"}],"wp:featuredmedia":[{"embeddable":true,"href":"https:\/\/veneportal.com\/noticias\/wp-json\/wp\/v2\/media\/39075"}],"wp:attachment":[{"href":"https:\/\/veneportal.com\/noticias\/wp-json\/wp\/v2\/media?parent=39074"}],"wp:term":[{"taxonomy":"category","embeddable":true,"href":"https:\/\/veneportal.com\/noticias\/wp-json\/wp\/v2\/categories?post=39074"},{"taxonomy":"post_tag","embeddable":true,"href":"https:\/\/veneportal.com\/noticias\/wp-json\/wp\/v2\/tags?post=39074"}],"curies":[{"name":"wp","href":"https:\/\/api.w.org\/{rel}","templated":true}]}}