{"id":39014,"date":"2023-01-24T04:00:05","date_gmt":"2023-01-24T09:00:05","guid":{"rendered":"https:\/\/veneportal.com\/noticias\/2023\/01\/24\/las-limitaciones-de-rudi-voller-el-nuevo-jefe-de-la-seleccion-alemana\/"},"modified":"2023-01-24T04:00:05","modified_gmt":"2023-01-24T09:00:05","slug":"las-limitaciones-de-rudi-voller-el-nuevo-jefe-de-la-seleccion-alemana","status":"publish","type":"post","link":"https:\/\/veneportal.com\/noticias\/2023\/01\/24\/las-limitaciones-de-rudi-voller-el-nuevo-jefe-de-la-seleccion-alemana\/","title":{"rendered":"Las limitaciones de Rudi V\u00f6ller, el nuevo jefe de la selecci\u00f3n alemana"},"content":{"rendered":"<p>Rudi V\u00f6ller ha sido nombrado nuevo director deportivo de la selecci\u00f3n alemana. El legendario exdelantero ser\u00e1 una soluci\u00f3n pr\u00e1ctica a corto plazo, pero no es un visionario ni un reformador, opina Andreas Sten-Ziemons.&#8221;Es gibt nur einen Rudi V\u00f6ller!&#8221; reza un popular canto futbol\u00edstico alem\u00e1n que resuena en los estadios del pa\u00eds desde hace m\u00e1s de dos d\u00e9cadas: &#8220;\u00a1Solo hay un Rudi V\u00f6ller!&#8221;.<\/p>\n<p>Rudi V\u00f6ller es una figura popular en el f\u00fatbol alem\u00e1n, c\u00e9lebre por su prol\u00edfico registro goleador como jugador (47 goles en 90 partidos con Alemania, incluida la gloria en la Copa Mundial con Alemania occidental en 1990), y por sus logros desde que colg\u00f3 las botas. Llev\u00f3 a Alemania a la final de la Copa Mundial de 2002 como seleccionador y, desde entonces, ha pasado 18 a\u00f1os como director deportivo del Bayer Leverkusen.<\/p>\n<p>Rudi cae bien a todo el mundo. Tal vez por eso, V\u00f6ller ha sido nombrado ahora sucesor de Oliver Bierhoff como director deportivo de la selecci\u00f3n alemana, con la misi\u00f3n principal de garantizar que Alemania no decepcione en casa en la Eurocopa 2024 dentro de 18 meses, como ha hecho en sus tres \u00faltimos grandes torneos.<\/p>\n<p>&#8220;Queremos volver a formar una verdadera comunidad&#8221;, declar\u00f3 Bernd Neuendorf, presidente de la Asociaci\u00f3n Alemana de F\u00fatbol (DFB). &#8220;Queremos una selecci\u00f3n con fuerza de voluntad y afable, con el claro objetivo de recuperar el apoyo incondicional de los aficionados&#8221;.<\/p>\n<p>V\u00f6ller, el hombre que no sabe decir &#8220;nein&#8221;<\/p>\n<p>Tras dimitir de su cargo en el Leverkusen el a\u00f1o pasado, V\u00f6ller ten\u00eda la intenci\u00f3n inicial de alejarse de la rutina diaria del f\u00fatbol profesional. Pero ahora ha vuelto, no solo porque se le necesita, sino porque no hay disponible nadie m\u00e1s adecuado que \u00e9l. Pero, sobre todo, porque no sabe decir &#8220;no&#8221;. Est\u00e1 en el car\u00e1cter de V\u00f6ller ayudar cuando se le requiere.<\/p>\n<p>El primer cargo que ocup\u00f3 en la DFB no estaba realmente planeado. Tras la decepcionante actuaci\u00f3n de Alemania en la Eurocopa 2000, V\u00f6ller solo deb\u00eda sustituir al seleccionador Erich Ribbeck de forma interina durante un a\u00f1o, hasta que Christoph Daum asumiera el cargo. Pero, despu\u00e9s de que Daum se viera envuelto en un asunto de coca\u00edna, V\u00f6ller asumi\u00f3 el cargo de forma permanente y, sorprendentemente, llev\u00f3 a Alemania a la final de la Copa Mundial de 2002, donde perdi\u00f3 contra Brasil en Yokohama (Jap\u00f3n).<\/p>\n<p>Como Daum tambi\u00e9n perdi\u00f3 su puesto como entrenador del Bayer Leverkusen, V\u00f6ller lo sustituy\u00f3 durante un mes. Y, cuando el Roma, el antiguo club de V\u00f6ller, se qued\u00f3 sin entrenador en 2004, V\u00f6ller respondi\u00f3 a la llamada y ayud\u00f3 en el estadio Ol\u00edmpico, aunque solo fuera durante 26 d\u00edas.<\/p>\n<p>Desde entonces, V\u00f6ller ha estado manejando los hilos del Bayer Leverkusen, posiblemente uno de los puestos m\u00e1s c\u00f3modos del f\u00fatbol alem\u00e1n, en un club en el que el dinero no es problema, pero del que no se esperan grandes \u00e9xitos. El Leverkusen sigue avanzando a duras penas, entre los cuatro primeros de la Bundesliga, pero rara vez hace sudar al Bayern de M\u00fanich.<\/p>\n<p>V\u00f6ller, el diplom\u00e1tico<\/p>\n<p>Tal vez sea esta otra de las razones por las que la DFB se decant\u00f3 por \u00e9l frente a sus candidatos inicialmente preferidos, Fredi Bobic y Matthias Sammer. Mientras que el primero parece contento con su trabajo en el Hertha de Berl\u00edn, el segundo es el polo opuesto a V\u00f6ller, y rehus\u00f3 la propuesta con un &#8220;nein&#8221;.<\/p>\n<p>Matthias Sammer, actualmente asesor externo del Borussia Dortmund, es dif\u00edcil, exigente, nunca est\u00e1 satisfecho y busca constantemente la mejora, V\u00f6ller es diplom\u00e1tico, m\u00e1s inclinado a apartar a un jugador en apuros para charlar tranquilamente que a criticar abiertamente, m\u00e1s propenso a situarse frente a un equipo de bajo rendimiento y cargar con las culpas en su nombre.<\/p>\n<p>Al parecer, eso es lo que quiere la DFB, al menos durante los pr\u00f3ximos 18 meses. De hecho, V\u00f6ller no asumir\u00e1 ninguna de las responsabilidades m\u00e1s amplias que ten\u00eda Bierhoff: desarrollo juvenil, f\u00fatbol femenino, marketing y gesti\u00f3n general y de redes. Simplemente, se espera que colabore estrechamente con el seleccionador, Hansi Flick, muy cerca del equipo, aportando su experiencia y contribuyendo a crear un ambiente positivo.<\/p>\n<p>&#8220;Solo hay un Rudi V\u00f6ller&#8221;, y eso es todo lo que se espera de \u00e9l.<\/p>\n<p>Se retrasan las reformas<\/p>\n<p>A corto plazo, V\u00f6ller no es un mal fichaje. Al fin y al cabo, la Eurocopa est\u00e1 a la vuelta de la esquina y no es factible solucionar para entonces la multitud de problemas a los que se enfrenta la DFB. Cualquier intento de hacerlo ahora podr\u00eda resultar en una nueva humillaci\u00f3n sobre el terreno de juego, y esta vez en casa.<\/p>\n<p>No, eso no es responsabilidad de V\u00f6ller. V\u00f6ller no es un visionario, ni un reformador. Eso vendr\u00e1 despu\u00e9s. La DFB ha ganado tiempo con el nombramiento de V\u00f6ller, pero siguen existiendo los mismos problemas.<\/p>\n<p>(gg\/ms)<\/p>\n<div class=\"venep-after-content venep-entity-placement\" id=\"venep-2294338286\"><div id=\"venep-972667430\"><a href=\"https:\/\/veneportal.com\/clasificados\/listing\/nativoapparel\/\" aria-label=\"nativo apparel\"><img src=\"https:\/\/veneportal.com\/noticias\/wp-content\/uploads\/sites\/2\/2021\/07\/5.png\" alt=\"nativo apparel\"  width=\"300\" height=\"250\"   \/><\/a><\/div><\/div>","protected":false},"excerpt":{"rendered":"<p>Rudi V\u00f6ller ha sido nombrado nuevo director deportivo de la selecci\u00f3n alemana. El legendario exdelantero ser\u00e1 una soluci\u00f3n pr\u00e1ctica a corto plazo, pero no es un visionario ni un reformador,&hellip; <\/p>\n","protected":false},"author":505,"featured_media":39015,"comment_status":"open","ping_status":"open","sticky":false,"template":"","format":"standard","meta":{"footnotes":""},"categories":[68],"tags":[],"class_list":["post-39014","post","type-post","status-publish","format-standard","has-post-thumbnail","hentry","category-deportes"],"_links":{"self":[{"href":"https:\/\/veneportal.com\/noticias\/wp-json\/wp\/v2\/posts\/39014","targetHints":{"allow":["GET"]}}],"collection":[{"href":"https:\/\/veneportal.com\/noticias\/wp-json\/wp\/v2\/posts"}],"about":[{"href":"https:\/\/veneportal.com\/noticias\/wp-json\/wp\/v2\/types\/post"}],"author":[{"embeddable":true,"href":"https:\/\/veneportal.com\/noticias\/wp-json\/wp\/v2\/users\/505"}],"replies":[{"embeddable":true,"href":"https:\/\/veneportal.com\/noticias\/wp-json\/wp\/v2\/comments?post=39014"}],"version-history":[{"count":0,"href":"https:\/\/veneportal.com\/noticias\/wp-json\/wp\/v2\/posts\/39014\/revisions"}],"wp:featuredmedia":[{"embeddable":true,"href":"https:\/\/veneportal.com\/noticias\/wp-json\/wp\/v2\/media\/39015"}],"wp:attachment":[{"href":"https:\/\/veneportal.com\/noticias\/wp-json\/wp\/v2\/media?parent=39014"}],"wp:term":[{"taxonomy":"category","embeddable":true,"href":"https:\/\/veneportal.com\/noticias\/wp-json\/wp\/v2\/categories?post=39014"},{"taxonomy":"post_tag","embeddable":true,"href":"https:\/\/veneportal.com\/noticias\/wp-json\/wp\/v2\/tags?post=39014"}],"curies":[{"name":"wp","href":"https:\/\/api.w.org\/{rel}","templated":true}]}}