{"id":38990,"date":"2023-01-23T23:02:04","date_gmt":"2023-01-24T04:02:04","guid":{"rendered":"https:\/\/veneportal.com\/noticias\/2023\/01\/23\/peru-no-reconocemos-a-boluarte-como-una-presidenta-legitima\/"},"modified":"2023-01-23T23:02:04","modified_gmt":"2023-01-24T04:02:04","slug":"peru-no-reconocemos-a-boluarte-como-una-presidenta-legitima","status":"publish","type":"post","link":"https:\/\/veneportal.com\/noticias\/2023\/01\/23\/peru-no-reconocemos-a-boluarte-como-una-presidenta-legitima\/","title":{"rendered":"Per\u00fa: &#8220;No reconocemos a Boluarte como una presidenta leg\u00edtima&#8221;"},"content":{"rendered":"<p>DW convers\u00f3 con Julio C\u00e9sar Baz\u00e1n, presidente de la Central Unitaria de Trabajadores del Per\u00fa, sobre la crisis del pa\u00eds, las protestas y las condiciones que ponen los manifestantes para negociar.Las protestas en Per\u00fa tras la salida de Pedro Castillo de la presidencia, y su reemplazo por Dina Boluarte, cumplen ya largas seis semanas y el n\u00famero de muertos supera con largueza el medio centenar. Tomas de aeropuertos, bloqueos de carreteras, desabastecimiento, incendios, ataques a comisar\u00edas e invasi\u00f3n policial de la emblem\u00e1tica Universidad Nacional Mayor de San Marcos, en Lima, constituyen algunos de los episodios que han marcado este mes y medio de caos en el pa\u00eds sudamericano.<\/p>\n<p>Sin un l\u00edder pol\u00edtico claro, las movilizaciones se han organizado sobre la base de grupos locales de trabajadores o campesinos. Por ejemplo, solo en Puno, la reanudaci\u00f3n de las protestas tras la tregua navide\u00f1a fue decidida por trece dirigentes, que se reunieron el 31 de diciembre en un centro comercial de Juliaca. En otras regiones hay n\u00fameros similares de cabecillas, y la coordinaci\u00f3n puede tornarse compleja, especialmente porque las exigencias son variadas. Pese a ello, hay algunas en las que todos coinciden: renuncia de Boluarte y convocatoria de elecciones. Muchos grupos, pero no todos, piden tambi\u00e9n llamar a una Asamblea Constituyente.<\/p>\n<p>Seg\u00fan la Polic\u00eda peruana, Roc\u00edo Leandro Melgar ser\u00eda una de las instigadoras de las protestas m\u00e1s violentas por parte de una facci\u00f3n de Sendero Luminoso, y fue detenida a comienzos de enero.  Los estudiantes de la Universidad San Marcos, la Confederaci\u00f3n General de Trabajadores y la Central Unitaria de Trabajadores (CUT) tambi\u00e9n han adoptado roles de organizaci\u00f3n. Julio C\u00e9sar Baz\u00e1n es el presidente de esta \u00faltima entidad sindical, y desde Lima convers\u00f3 con DW.<\/p>\n<p>Deutsche Welle: \u00bfCu\u00e1les son las condiciones que ponen ustedes para dialogar con el Gobierno?<\/p>\n<p>Julio C\u00e9sar Baz\u00e1n: Hemos se\u00f1alado claramente, y lo mantenemos, que estar\u00edamos dispuestos a dialogar en la medida que se generen las condiciones adecuadas. Eso significa que se establezca un cronograma electoral para este a\u00f1o y que se d\u00e9 paso a un gobierno de transici\u00f3n. <\/p>\n<p>\u00bfLa renuncia de la presidenta no est\u00e1 en el petitorio?<\/p>\n<p>Obviamente, est\u00e1 sobre la mesa, porque el gobierno de transici\u00f3n pasa por la renuncia de la se\u00f1ora presidenta y tambi\u00e9n por la renuncia de la mesa directiva del Congreso.<\/p>\n<p>\u00bfReconocen la legalidad o la validez del Gobierno de Dina Boluarte?<\/p>\n<p>El se\u00f1or (Pedro) Castillo cometi\u00f3 un enorme error, pero la sucesi\u00f3n constitucional pasaba legalmente por Boluarte. Sin embargo, la respuesta que ha dado el pueblo en defensa de su soberan\u00eda deslegitima al Gobierno, y nosotros estamos del lado del pueblo. Por lo tanto, no la reconocemos como una presidenta leg\u00edtima, y ahora debe dar cauce a una salida pol\u00edtica consensuada lo m\u00e1s pronto posible.<\/p>\n<p>Solo para que quede claro: ustedes est\u00e1n dispuestos a negociar con un gobierno de transici\u00f3n, en ning\u00fan caso con Boluarte.<\/p>\n<p>Tendr\u00edamos, en funci\u00f3n del momento, que evaluar tambi\u00e9n esa posibilidad, porque para entrar en un gobierno de transici\u00f3n consensuado, podr\u00eda ser necesario que haya un di\u00e1logo. La lucha por la soberan\u00eda significa una soluci\u00f3n que devuelva la soberan\u00eda al pueblo, y eso pasa por un gobierno de transici\u00f3n y por elecciones inmediatas.<\/p>\n<p>\u00bfApoyan ustedes en la CUT la petici\u00f3n de una Asamblea Constituyente?<\/p>\n<p>Formamos parte de la Asamblea Nacional de los Pueblos, y parte de nuestra reclamaci\u00f3n para el desarrollo del pa\u00eds es que se establezca una nueva Constituci\u00f3n. Parte de la soberan\u00eda del pueblo es consultarle a \u00e9l para que decida su propio destino y, en ese sentido, nosotros, desde el inicio, reclamamos el cambio de la Constituci\u00f3n, porque esta fue impuesta por la dictadura de Fujimori en los noventa.<\/p>\n<p>\u00bfEsa Asamblea Nacional de los Pueblos coordina las movilizaciones?<\/p>\n<p>La centralizaci\u00f3n del movimiento se est\u00e1 dando en plena lucha. La Asamblea Nacional de los Pueblos est\u00e1 constituida por las organizaciones con representaci\u00f3n nacional, pero en cada regi\u00f3n existen movimientos propios que se est\u00e1n identificando plenamente por un cambio constitucional. Esos movimientos, el nacional y el regional, est\u00e1n acerc\u00e1ndose y consideramos que, en el m\u00e1s corto tiempo posible, habr\u00e1 ya una centralizaci\u00f3n para que todos actuemos en una sola direcci\u00f3n.<\/p>\n<p>Cuando haya que negociar, \u00bfqui\u00e9nes van a ser los representantes de los movimientos, si no hay liderazgos claramente establecidos?<\/p>\n<p>En principio, estamos planteando a los movimientos regionales que nominen a sus voceros, sus delegados, y en ese proceso nos encontramos. Lo deseable es que sean los propios pobladores movilizados los que participen en un proceso de esta naturaleza.<\/p>\n<p>\u00bfPodr\u00eda la Iglesia cat\u00f3lica ser un mediador v\u00e1lido?<\/p>\n<p>Mira, si no cambian la agenda del di\u00e1logo, dif\u00edcilmente va a haber posibilidades de que la Iglesia o cualquier otra entidad entre de mediador. El Gobierno cree que d\u00e1ndoles determinados proyectos o cosas a los pobladores va a resolver el problema. No es as\u00ed. Este es un problema pol\u00edtico.<\/p>\n<p>Hay rumores de que Evo Morales y Sendero Luminoso est\u00e1n involucrados en las protestas. <\/p>\n<p>Definitivamente, aqu\u00ed lo que hay es el invento de una narrativa antiterrorista y antiizquierdista para criminalizar la protesta y para justificar las acciones represivas con armas letales, como est\u00e1n haciendo en el Cusco. Eso de Evo Morales no es una realidad.<\/p>\n<p>(ms)<\/p>\n<div class=\"venep-after-content venep-entity-placement\" id=\"venep-3859128407\"><div id=\"venep-498559755\"><a href=\"https:\/\/www.silverstarfinancialservices.com\/\" aria-label=\"silverstar financial\"><img src=\"https:\/\/veneportal.com\/noticias\/wp-content\/uploads\/sites\/2\/2022\/06\/silverstar-financial-2.png\" alt=\"silverstar financial\"  srcset=\"https:\/\/veneportal.com\/noticias\/wp-content\/uploads\/sites\/2\/2022\/06\/silverstar-financial-2.png 1748w, https:\/\/veneportal.com\/noticias\/wp-content\/uploads\/sites\/2\/2022\/06\/silverstar-financial-2-300x213.png 300w, https:\/\/veneportal.com\/noticias\/wp-content\/uploads\/sites\/2\/2022\/06\/silverstar-financial-2-1024x726.png 1024w, https:\/\/veneportal.com\/noticias\/wp-content\/uploads\/sites\/2\/2022\/06\/silverstar-financial-2-768x545.png 768w, https:\/\/veneportal.com\/noticias\/wp-content\/uploads\/sites\/2\/2022\/06\/silverstar-financial-2-1536x1090.png 1536w, https:\/\/veneportal.com\/noticias\/wp-content\/uploads\/sites\/2\/2022\/06\/silverstar-financial-2-600x426.png 600w\" sizes=\"(max-width: 1748px) 100vw, 1748px\" width=\"559\" height=\"397\"   \/><\/a><\/div><\/div>","protected":false},"excerpt":{"rendered":"<p>DW convers\u00f3 con Julio C\u00e9sar Baz\u00e1n, presidente de la Central Unitaria de Trabajadores del Per\u00fa, sobre la crisis del pa\u00eds, las protestas y las condiciones que ponen los manifestantes para&hellip; <\/p>\n","protected":false},"author":505,"featured_media":38991,"comment_status":"open","ping_status":"open","sticky":false,"template":"","format":"standard","meta":{"footnotes":""},"categories":[84],"tags":[],"class_list":["post-38990","post","type-post","status-publish","format-standard","has-post-thumbnail","hentry","category-america-latina"],"_links":{"self":[{"href":"https:\/\/veneportal.com\/noticias\/wp-json\/wp\/v2\/posts\/38990","targetHints":{"allow":["GET"]}}],"collection":[{"href":"https:\/\/veneportal.com\/noticias\/wp-json\/wp\/v2\/posts"}],"about":[{"href":"https:\/\/veneportal.com\/noticias\/wp-json\/wp\/v2\/types\/post"}],"author":[{"embeddable":true,"href":"https:\/\/veneportal.com\/noticias\/wp-json\/wp\/v2\/users\/505"}],"replies":[{"embeddable":true,"href":"https:\/\/veneportal.com\/noticias\/wp-json\/wp\/v2\/comments?post=38990"}],"version-history":[{"count":0,"href":"https:\/\/veneportal.com\/noticias\/wp-json\/wp\/v2\/posts\/38990\/revisions"}],"wp:featuredmedia":[{"embeddable":true,"href":"https:\/\/veneportal.com\/noticias\/wp-json\/wp\/v2\/media\/38991"}],"wp:attachment":[{"href":"https:\/\/veneportal.com\/noticias\/wp-json\/wp\/v2\/media?parent=38990"}],"wp:term":[{"taxonomy":"category","embeddable":true,"href":"https:\/\/veneportal.com\/noticias\/wp-json\/wp\/v2\/categories?post=38990"},{"taxonomy":"post_tag","embeddable":true,"href":"https:\/\/veneportal.com\/noticias\/wp-json\/wp\/v2\/tags?post=38990"}],"curies":[{"name":"wp","href":"https:\/\/api.w.org\/{rel}","templated":true}]}}