{"id":38934,"date":"2023-01-23T00:00:07","date_gmt":"2023-01-23T05:00:07","guid":{"rendered":"https:\/\/veneportal.com\/noticias\/2023\/01\/23\/opositora-argentina-pedira-a-la-dea-detener-a-maduro-2\/"},"modified":"2023-01-23T00:00:07","modified_gmt":"2023-01-23T05:00:07","slug":"opositora-argentina-pedira-a-la-dea-detener-a-maduro-2","status":"publish","type":"post","link":"https:\/\/veneportal.com\/noticias\/2023\/01\/23\/opositora-argentina-pedira-a-la-dea-detener-a-maduro-2\/","title":{"rendered":"Opositora argentina pedir\u00e1 a la DEA detener a Maduro"},"content":{"rendered":"<p>El mandatario venezolano es uno de los invitados a la cumbre del CELAC en Argentina. La exministra de Seguridad Patricia Bullrich lo relacion\u00f3 con el Cartel de los Soles y record\u00f3 los cr\u00edmenes de lesa humanidad.La pol\u00edtica argentina Patricia Bullrich, presidenta del opositor partido Propuesta Republicana, adelant\u00f3 este domingo (22.01.2023) que presentar\u00e1 un pedido ante la DEA, la agencia estadounidense antidrogas, para que detenga al presidente de Venezuela, Nicol\u00e1s Maduro, cuando llegue a Argentina en los pr\u00f3ximos d\u00edas.<\/p>\n<p>&#8220;El d\u00eda de ma\u00f1ana (lunes) voy a hacer una presentaci\u00f3n a la DEA. Porque hay un pedido de captura a Maduro por la participaci\u00f3n en el C\u00e1rtel de los Soles&#8221;, dijo Bullrich en declaraciones radiales, lo que, seg\u00fan indic\u00f3, podr\u00eda llevar a la detenci\u00f3n del presidente venezolano por las denuncias que tiene en EEUU por narcotr\u00e1fico.<\/p>\n<p>Hasta el momento, el l\u00edder chavista no ha confirmado su presencia en la VII Cumbre de la Comunidad de Estados Latinoamericanos y Caribe\u00f1os (Celac), que tendr\u00e1 lugar en Buenos Aires el 24 de enero y en la que el mandatario argentino, Alberto Fern\u00e1ndez, ser\u00e1 anfitri\u00f3n, ya que su pa\u00eds tiene la presidencia pro tempore del foro.<\/p>\n<p>Bullrich, que fue ministra de Seguridad durante el mandato del centroderechista Mauricio Macri (2015-2019), basar\u00e1 su denuncia en un acuerdo bilateral firmado entre Argentina y Estados Unidos en 1998, seg\u00fan indic\u00f3 a la radio Rivadavia.<\/p>\n<p>El Cartel de los Soles<\/p>\n<p>&#8220;Si un argentino denuncia que una persona buscada en Estados Unidos est\u00e1 aqu\u00ed, las oficinas de la DEA en Argentina pueden operar en relaci\u00f3n a la detenci\u00f3n de la persona que tiene pedido de captura para ser extraditada a Estados Unidos&#8221;, afirm\u00f3 Bullrich, y record\u00f3 que Maduro &#8220;est\u00e1 buscado por participaci\u00f3n y ser uno de los jefes del C\u00e1rtel de los Soles&#8221;.<\/p>\n<p>Seg\u00fan una investigaci\u00f3n hecha en Estados Unidos, el &#8220;C\u00e1rtel de los Soles&#8221; debe su nombre a las insignias que llevan en los uniformes los militares venezolanos de alto rango implicados en actividades criminales, entre las que destaca el narcotr\u00e1fico.<\/p>\n<p>&#8220;Hemos puesto el eje en la detenci\u00f3n de Maduro&#8221;, se\u00f1al\u00f3 Bullrich, quien integra la principal coalici\u00f3n opositora argentina, Juntos por el Cambio y ya hab\u00eda solicitado la detenci\u00f3n &#8220;de manera inmediata&#8221; del venezolano el jueves pasado.<\/p>\n<p>Cr\u00edmenes de lesa humanidad<\/p>\n<p>&#8220;Si Nicol\u00e1s Maduro viene a la Argentina, debe ser detenido de manera inmediata por haber cometido cr\u00edmenes de lesa humanidad. Tal como ocurri\u00f3 con Pinochet en Londres, en 1998. La Justicia debe actuar en resguardo de la vigencia universal de los derechos humanos&#8221;, hab\u00eda expresado en Twitter.<\/p>\n<p>Esta denuncia se suma a la que hizo el mi\u00e9rcoles pasado el Foro Argentino para la Democracia en la Regi\u00f3n (FADER) ante la Justicia argentina a Maduro y a sus hom\u00f3logos en Nicaragua, Daniel Ortega, y Cuba, Miguel D\u00edaz-Canel, para que sean investigados por &#8220;cr\u00edmenes de lesa humanidad&#8221;.<\/p>\n<p>Y se agrega al pedido para que Maduro sea llamado a indagatoria por la Justicia argentina que hizo el viernes \u00faltimo un abogado en representaci\u00f3n de dos &#8220;v\u00edctimas de cr\u00edmenes de lesa humanidad perpetrados por el gobierno de Nicol\u00e1s Maduro&#8221; en Venezuela.<\/p>\n<p>La Celac es un mecanismo intergubernamental de di\u00e1logo y concertaci\u00f3n pol\u00edtica que fue creado en 2010 y est\u00e1 conformado por los 33 pa\u00edses de Am\u00e9rica Latina y el Caribe.  Entre los presidentes confirmados en la VII cumbre, adem\u00e1s del anfitri\u00f3n, Alberto Fern\u00e1ndez, est\u00e1n el chileno Gabriel Boric, el uruguayo Luis Lacalle Pou, el boliviano Luis Arce, el ecuatoriano Guillermo Lasso, la hondure\u00f1a Xiomara Castro y el brasile\u00f1o Luiz In\u00e1cio Lula da Silva, para quien ser\u00e1 su primer viaje internacional en este tercer mandato.<\/p>\n<p>jc (efe, Clar\u00edn, La Naci\u00f3n)<\/p>\n<div class=\"venep-after-content venep-entity-placement\" id=\"venep-2937373686\"><div id=\"venep-3081039982\"><script async src=\"https:\/\/pagead2.googlesyndication.com\/pagead\/js\/adsbygoogle.js?client=ca-pub-5862940809620110\"\r\n     crossorigin=\"anonymous\"><\/script>\r\n<ins class=\"adsbygoogle\"\r\n     style=\"display:block\"\r\n     data-ad-format=\"fluid\"\r\n     data-ad-layout-key=\"-6t+ed+2i-1n-4w\"\r\n     data-ad-client=\"ca-pub-5862940809620110\"\r\n     data-ad-slot=\"7946604715\"><\/ins>\r\n<script>\r\n     (adsbygoogle = window.adsbygoogle || []).push({});\r\n<\/script><\/div><\/div>","protected":false},"excerpt":{"rendered":"<p>El mandatario venezolano es uno de los invitados a la cumbre del CELAC en Argentina. La exministra de Seguridad Patricia Bullrich lo relacion\u00f3 con el Cartel de los Soles y&hellip; <\/p>\n","protected":false},"author":505,"featured_media":38931,"comment_status":"open","ping_status":"open","sticky":false,"template":"","format":"standard","meta":{"footnotes":""},"categories":[81],"tags":[],"class_list":["post-38934","post","type-post","status-publish","format-standard","has-post-thumbnail","hentry","category-actualidad"],"_links":{"self":[{"href":"https:\/\/veneportal.com\/noticias\/wp-json\/wp\/v2\/posts\/38934","targetHints":{"allow":["GET"]}}],"collection":[{"href":"https:\/\/veneportal.com\/noticias\/wp-json\/wp\/v2\/posts"}],"about":[{"href":"https:\/\/veneportal.com\/noticias\/wp-json\/wp\/v2\/types\/post"}],"author":[{"embeddable":true,"href":"https:\/\/veneportal.com\/noticias\/wp-json\/wp\/v2\/users\/505"}],"replies":[{"embeddable":true,"href":"https:\/\/veneportal.com\/noticias\/wp-json\/wp\/v2\/comments?post=38934"}],"version-history":[{"count":0,"href":"https:\/\/veneportal.com\/noticias\/wp-json\/wp\/v2\/posts\/38934\/revisions"}],"wp:featuredmedia":[{"embeddable":true,"href":"https:\/\/veneportal.com\/noticias\/wp-json\/wp\/v2\/media\/38931"}],"wp:attachment":[{"href":"https:\/\/veneportal.com\/noticias\/wp-json\/wp\/v2\/media?parent=38934"}],"wp:term":[{"taxonomy":"category","embeddable":true,"href":"https:\/\/veneportal.com\/noticias\/wp-json\/wp\/v2\/categories?post=38934"},{"taxonomy":"post_tag","embeddable":true,"href":"https:\/\/veneportal.com\/noticias\/wp-json\/wp\/v2\/tags?post=38934"}],"curies":[{"name":"wp","href":"https:\/\/api.w.org\/{rel}","templated":true}]}}