{"id":38903,"date":"2023-01-22T00:02:04","date_gmt":"2023-01-22T05:02:04","guid":{"rendered":"https:\/\/veneportal.com\/noticias\/2023\/01\/22\/decenas-de-miles-de-israelies-protestan-contra-el-gobierno-en-tel-aviv\/"},"modified":"2023-01-22T00:02:04","modified_gmt":"2023-01-22T05:02:04","slug":"decenas-de-miles-de-israelies-protestan-contra-el-gobierno-en-tel-aviv","status":"publish","type":"post","link":"https:\/\/veneportal.com\/noticias\/2023\/01\/22\/decenas-de-miles-de-israelies-protestan-contra-el-gobierno-en-tel-aviv\/","title":{"rendered":"Decenas de miles de israel\u00edes protestan contra el gobierno en Tel Aviv"},"content":{"rendered":"<p>Unas 120.000 personas salieron a las calles, en la marcha m\u00e1s multitudinaria desde el regreso de Benjamin Netanyahu al poder.Decenas de miles de israel\u00edes, entre ellos el ex primer ministro Yair Lapid, se manifestaron la noche del s\u00e1bado (21.01.2023) en Tel Aviv contra el flamante gobierno de Benjamin Netanhayu en Israel, el m\u00e1s derechista en la historia del Estado hebreo.<\/p>\n<p>&#8220;Aquellos que quieren al Estado vinieron a defender la democracia, sus tribunales y la idea de una vida en com\u00fan y de un bien com\u00fan&#8221;, asegur\u00f3 Lapid en Twitter. &#8220;No abandonaremos hasta que no hayamos ganado&#8221;, a\u00f1adi\u00f3.<\/p>\n<p>Unos 120.000 manifestantes llenaron las calles del centro de Tel Aviv, seg\u00fan la prensa local. La polic\u00eda no aport\u00f3 datos sobre el n\u00famero de participantes.<\/p>\n<p>Fue la manifestaci\u00f3n m\u00e1s importante en Israel desde el regreso de Netanyahu al frente de un ejecutivo, en que hay varios ministros de ultraderecha y ultraortodoxos.<\/p>\n<p>La protesta se produjo pocos d\u00edas despu\u00e9s de que el Tribunal Supremo invalidara la designaci\u00f3n como ministro del Interior del ultraortodoxo Arieh Deri.<\/p>\n<p>El n\u00facleo de las manifestaciones fue la c\u00e9ntrica plaza Habima de Tel Aviv, donde convoc\u00f3 el Movimiento por un Gobierno de Calidad en Israel (MGCI) bajo el lema &#8220;Libertad, igualdad y calidad de gobierno&#8221; para frenar &#8220;la peligrosa revoluci\u00f3n del nuevo Ejecutivo que destruir\u00e1 la democracia israel\u00ed&#8221;, afirmaron en su llamado a la poblaci\u00f3n.<\/p>\n<p>Karen Kol, que reside en la localidad de Hod Hasharon (centro de Israel), dijo protestar contra &#8220;un gobierno antidemocr\u00e1tico&#8221;, en una marcha en que muchos manifestantes ondearon banderas israel\u00edes.<\/p>\n<p>&#8220;No queremos permitir que los pol\u00edticos controlen nuestras vidas&#8221;, afirm\u00f3 Dov Gidony, de 33 a\u00f1os, un inform\u00e1tico que reconoci\u00f3 que era la primera vez que participaba en una manifestaci\u00f3n.<\/p>\n<p>&#8220;Nuestros hijos y nietos tienen derecho a vivir en un pa\u00eds democr\u00e1tico. Hay muchas corrientes extremistas, religiosas, casi mesi\u00e1nicas, en este gobierno. Cuando vine a este pa\u00eds, era una naci\u00f3n en esencia laica, en la que se pod\u00eda vivir libremente. Pero ahora est\u00e1n cercenando nuestros derechos&#8221;, se quej\u00f3 Diego, un cient\u00edfico argentino-israel\u00ed que se instal\u00f3 en el pa\u00eds en 1987.<\/p>\n<p>En la marcha hubo una presencia destacada de personas de la comunidad LGBTI y de opositores a la extensi\u00f3n de las colonias israel\u00edes en el enclave palestino de Cisjordania.<\/p>\n<p>Adem\u00e1s de la ret\u00f3rica hom\u00f3foba de algunos ministros de la extrema derecha -han llegado a amenazar con prohibir el Desfile del Orgullo-, han propuesto una cl\u00e1usula legal que permita a profesionales, incluido m\u00e9dicos, negarse a prestar servicio a personas que atenten contra sus creencias religiosas, lo que afectar\u00eda a este colectivo.<\/p>\n<p>gs (afp, efe)<\/p>\n<div class=\"venep-after-content venep-entity-placement\" id=\"venep-880800442\"><div id=\"venep-3787364537\"><a href=\"https:\/\/veneportal.com\/como-aparecer-en-google\/\" aria-label=\"como-se-beneficia-directorio-espana-flag\"><img src=\"https:\/\/veneportal.com\/noticias\/wp-content\/uploads\/sites\/2\/2021\/03\/como-se-beneficia-directorio-espana-flag.jpg\" alt=\"\"  srcset=\"https:\/\/veneportal.com\/noticias\/wp-content\/uploads\/sites\/2\/2021\/03\/como-se-beneficia-directorio-espana-flag.jpg 1747w, https:\/\/veneportal.com\/noticias\/wp-content\/uploads\/sites\/2\/2021\/03\/como-se-beneficia-directorio-espana-flag-300x213.jpg 300w, https:\/\/veneportal.com\/noticias\/wp-content\/uploads\/sites\/2\/2021\/03\/como-se-beneficia-directorio-espana-flag-1024x727.jpg 1024w, https:\/\/veneportal.com\/noticias\/wp-content\/uploads\/sites\/2\/2021\/03\/como-se-beneficia-directorio-espana-flag-768x545.jpg 768w, https:\/\/veneportal.com\/noticias\/wp-content\/uploads\/sites\/2\/2021\/03\/como-se-beneficia-directorio-espana-flag-1536x1090.jpg 1536w, https:\/\/veneportal.com\/noticias\/wp-content\/uploads\/sites\/2\/2021\/03\/como-se-beneficia-directorio-espana-flag-600x426.jpg 600w\" sizes=\"(max-width: 1747px) 100vw, 1747px\" width=\"1747\" height=\"1240\"   \/><\/a><\/div><\/div>","protected":false},"excerpt":{"rendered":"<p>Unas 120.000 personas salieron a las calles, en la marcha m\u00e1s multitudinaria desde el regreso de Benjamin Netanyahu al poder.Decenas de miles de israel\u00edes, entre ellos el ex primer ministro&hellip; <\/p>\n","protected":false},"author":505,"featured_media":38904,"comment_status":"open","ping_status":"open","sticky":false,"template":"","format":"standard","meta":{"footnotes":""},"categories":[85],"tags":[],"class_list":["post-38903","post","type-post","status-publish","format-standard","has-post-thumbnail","hentry","category-politica"],"_links":{"self":[{"href":"https:\/\/veneportal.com\/noticias\/wp-json\/wp\/v2\/posts\/38903","targetHints":{"allow":["GET"]}}],"collection":[{"href":"https:\/\/veneportal.com\/noticias\/wp-json\/wp\/v2\/posts"}],"about":[{"href":"https:\/\/veneportal.com\/noticias\/wp-json\/wp\/v2\/types\/post"}],"author":[{"embeddable":true,"href":"https:\/\/veneportal.com\/noticias\/wp-json\/wp\/v2\/users\/505"}],"replies":[{"embeddable":true,"href":"https:\/\/veneportal.com\/noticias\/wp-json\/wp\/v2\/comments?post=38903"}],"version-history":[{"count":0,"href":"https:\/\/veneportal.com\/noticias\/wp-json\/wp\/v2\/posts\/38903\/revisions"}],"wp:featuredmedia":[{"embeddable":true,"href":"https:\/\/veneportal.com\/noticias\/wp-json\/wp\/v2\/media\/38904"}],"wp:attachment":[{"href":"https:\/\/veneportal.com\/noticias\/wp-json\/wp\/v2\/media?parent=38903"}],"wp:term":[{"taxonomy":"category","embeddable":true,"href":"https:\/\/veneportal.com\/noticias\/wp-json\/wp\/v2\/categories?post=38903"},{"taxonomy":"post_tag","embeddable":true,"href":"https:\/\/veneportal.com\/noticias\/wp-json\/wp\/v2\/tags?post=38903"}],"curies":[{"name":"wp","href":"https:\/\/api.w.org\/{rel}","templated":true}]}}