{"id":38898,"date":"2023-01-22T00:02:04","date_gmt":"2023-01-22T05:02:04","guid":{"rendered":"https:\/\/veneportal.com\/noticias\/2023\/01\/22\/ue-condena-el-uso-desproporcionado-de-la-fuerza-en-peru-2\/"},"modified":"2023-01-22T00:02:04","modified_gmt":"2023-01-22T05:02:04","slug":"ue-condena-el-uso-desproporcionado-de-la-fuerza-en-peru-2","status":"publish","type":"post","link":"https:\/\/veneportal.com\/noticias\/2023\/01\/22\/ue-condena-el-uso-desproporcionado-de-la-fuerza-en-peru-2\/","title":{"rendered":"UE condena el uso &#8220;desproporcionado&#8221; de la fuerza en Per\u00fa"},"content":{"rendered":"<p>El bloque comunitario reprob\u00f3 la violencia en las manifestaciones, pero tambi\u00e9n la respuesta de las fuerzas de seguridad.La Uni\u00f3n Europea (UE) conden\u00f3 el s\u00e1bado (21.01.2023) los &#8220;actos de violencia&#8221; y el uso &#8220;desproporcionado&#8221; de la fuerza por parte de las fuerzas de seguridad en Per\u00fa durante la ola de protestas que comenz\u00f3 en diciembre y han causado ya alrededor de 60 muertos.<\/p>\n<p>&#8220;Las protestas sociales pac\u00edficas que respeten el Estado de derecho son leg\u00edtimas en una sociedad democr\u00e1tica. La UE reitera su condena de los numerosos actos de violencia y tambi\u00e9n del uso desproporcionado de la fuerza por las fuerzas de seguridad&#8221;, expres\u00f3 en un comunicado un portavoz del Alto Representante de la UE para Asuntos Exteriores, Josep Borrell.<\/p>\n<p>El bloque comunitario, contin\u00faa el comunicado, insta al Gobierno y a todos los actores pol\u00edticos de Per\u00fa a dar &#8220;pasos urgentes&#8221; para &#8220;recuperar la calma y garantizar un di\u00e1logo inclusivo con la participaci\u00f3n de la sociedad civil y las comunidades afectadas&#8221; como &#8220;camino de salida de la crisis&#8221;.<\/p>\n<p>&#8220;La UE est\u00e1 totalmente comprometida para apoyar los esfuerzos peruanos al respecto&#8221;, a\u00f1ade el comunicado en el que el club europeo lamenta &#8220;el gran n\u00famero de v\u00edctimas&#8221; desde el inicio de las protestas y advierte de que &#8220;las crisis social y pol\u00edtica solo podr\u00e1 ser resuelta en pleno respeto con el orden constitucional, el Estado de derecho y los derechos humanos.<\/p>\n<p>Centenares de personas volvieron a reunirse en la noche del s\u00e1bado en el centro de Lima, sobre todo en torno al Congreso, y se generaron nuevos incidentes, aunque de dimensiones menores.<\/p>\n<p>Las protestas piden la renuncia de la presidenta, Dina Boluarte, el cierre del Congreso y la convocatoria a elecciones generales para este a\u00f1o y a una asamblea constituyente. Desde que comenzaron el pasado diciembre, han causado la muerte de 60 personas.<\/p>\n<p>jc (efe, afp)<\/p>\n<div class=\"venep-after-content venep-entity-placement\" id=\"venep-2763362744\"><div id=\"venep-1000003720\"><a href=\"https:\/\/veneportal.com\/como-aparecer-en-google\/\" aria-label=\"como-se-beneficia-directorio-espana-flag\"><img src=\"https:\/\/veneportal.com\/noticias\/wp-content\/uploads\/sites\/2\/2021\/03\/como-se-beneficia-directorio-espana-flag.jpg\" alt=\"\"  srcset=\"https:\/\/veneportal.com\/noticias\/wp-content\/uploads\/sites\/2\/2021\/03\/como-se-beneficia-directorio-espana-flag.jpg 1747w, https:\/\/veneportal.com\/noticias\/wp-content\/uploads\/sites\/2\/2021\/03\/como-se-beneficia-directorio-espana-flag-300x213.jpg 300w, https:\/\/veneportal.com\/noticias\/wp-content\/uploads\/sites\/2\/2021\/03\/como-se-beneficia-directorio-espana-flag-1024x727.jpg 1024w, https:\/\/veneportal.com\/noticias\/wp-content\/uploads\/sites\/2\/2021\/03\/como-se-beneficia-directorio-espana-flag-768x545.jpg 768w, https:\/\/veneportal.com\/noticias\/wp-content\/uploads\/sites\/2\/2021\/03\/como-se-beneficia-directorio-espana-flag-1536x1090.jpg 1536w, https:\/\/veneportal.com\/noticias\/wp-content\/uploads\/sites\/2\/2021\/03\/como-se-beneficia-directorio-espana-flag-600x426.jpg 600w\" sizes=\"(max-width: 1747px) 100vw, 1747px\" width=\"1747\" height=\"1240\"   \/><\/a><\/div><\/div>","protected":false},"excerpt":{"rendered":"<p>El bloque comunitario reprob\u00f3 la violencia en las manifestaciones, pero tambi\u00e9n la respuesta de las fuerzas de seguridad.La Uni\u00f3n Europea (UE) conden\u00f3 el s\u00e1bado (21.01.2023) los &#8220;actos de violencia&#8221; y&hellip; <\/p>\n","protected":false},"author":505,"featured_media":38890,"comment_status":"open","ping_status":"open","sticky":false,"template":"","format":"standard","meta":{"footnotes":""},"categories":[81],"tags":[],"class_list":["post-38898","post","type-post","status-publish","format-standard","has-post-thumbnail","hentry","category-actualidad"],"_links":{"self":[{"href":"https:\/\/veneportal.com\/noticias\/wp-json\/wp\/v2\/posts\/38898","targetHints":{"allow":["GET"]}}],"collection":[{"href":"https:\/\/veneportal.com\/noticias\/wp-json\/wp\/v2\/posts"}],"about":[{"href":"https:\/\/veneportal.com\/noticias\/wp-json\/wp\/v2\/types\/post"}],"author":[{"embeddable":true,"href":"https:\/\/veneportal.com\/noticias\/wp-json\/wp\/v2\/users\/505"}],"replies":[{"embeddable":true,"href":"https:\/\/veneportal.com\/noticias\/wp-json\/wp\/v2\/comments?post=38898"}],"version-history":[{"count":0,"href":"https:\/\/veneportal.com\/noticias\/wp-json\/wp\/v2\/posts\/38898\/revisions"}],"wp:featuredmedia":[{"embeddable":true,"href":"https:\/\/veneportal.com\/noticias\/wp-json\/wp\/v2\/media\/38890"}],"wp:attachment":[{"href":"https:\/\/veneportal.com\/noticias\/wp-json\/wp\/v2\/media?parent=38898"}],"wp:term":[{"taxonomy":"category","embeddable":true,"href":"https:\/\/veneportal.com\/noticias\/wp-json\/wp\/v2\/categories?post=38898"},{"taxonomy":"post_tag","embeddable":true,"href":"https:\/\/veneportal.com\/noticias\/wp-json\/wp\/v2\/tags?post=38898"}],"curies":[{"name":"wp","href":"https:\/\/api.w.org\/{rel}","templated":true}]}}