{"id":38894,"date":"2023-01-21T23:00:06","date_gmt":"2023-01-22T04:00:06","guid":{"rendered":"https:\/\/veneportal.com\/noticias\/2023\/01\/21\/gobierno-de-colombia-y-el-eln-retomaran-dialogo-en-febrero-en-mexico-2\/"},"modified":"2023-01-21T23:00:06","modified_gmt":"2023-01-22T04:00:06","slug":"gobierno-de-colombia-y-el-eln-retomaran-dialogo-en-febrero-en-mexico-2","status":"publish","type":"post","link":"https:\/\/veneportal.com\/noticias\/2023\/01\/21\/gobierno-de-colombia-y-el-eln-retomaran-dialogo-en-febrero-en-mexico-2\/","title":{"rendered":"Gobierno de Colombia y el ELN retomar\u00e1n di\u00e1logo en febrero en M\u00e9xico"},"content":{"rendered":"<p>Las negociaciones sufrieron una &#8220;crisis&#8221; luego de que el presidente Gustavo Petro anunciara un cese al fuego bilateral con varios grupos insurgentes, lo que el ELN neg\u00f3.El gobierno de Colombia y la guerrilla del Ej\u00e9rcito de Liberaci\u00f3n Nacional (ELN) acordaron discutir un cese al fuego bilateral durante un segundo ciclo de negociaciones que arrancar\u00e1 el 13 de febrero en M\u00e9xico, anunciaron las partes en Caracas este s\u00e1bado (21.01.2023).<\/p>\n<p>&#8220;Adem\u00e1s se har\u00e1 un examen conjunto de los logros y dificultades en la implementaci\u00f3n de los acuerdos realizados en el primer ciclo&#8221;, indica un comunicado conjunto le\u00eddo por una delegada mexicana en los di\u00e1logos de paz.<\/p>\n<p>Las partes dialogaron &#8220;con miras a superar las diferencias presentadas recientemente y que fueron tratadas en esta reuni\u00f3n extraordinaria&#8221;, indic\u00f3 otro comunicado le\u00eddo por el general Carlos Mart\u00ednez Mendoza, representante del gobierno de Venezuela, pa\u00eds garante del proceso junto a Cuba, Noruega, Chile y M\u00e9xico.<\/p>\n<p>Los roces se produjeron luego de que el presidente colombiano Gustavo Petro anunciara el 31 de diciembre un acuerdo de cese al fuego bilateral hasta el 30 de junio con el ELN, dos grupos disidentes de las FARC, la banda narcotraficante Clan del Golfo, y las Autodefensas de la Sierra Nevada, un grupo de origen paramilitar.<\/p>\n<p>Tres d\u00edas m\u00e1s tarde, representantes del ELN negaron haber pactado una tregua, lo que gener\u00f3 una &#8220;crisis&#8221; en las negociaciones.<\/p>\n<p>El ELN tiene presencia en 20 % de los municipios de Colombia, adem\u00e1s de regiones fronterizas con Venezuela y Ecuador. Alzado en armas desde 1964, el grupo paramilitar solo ha pactado una vez un cese al fuego bilateral, en 2017.<\/p>\n<p>afp\/efe \/rr<\/p>\n<div class=\"venep-after-content venep-entity-placement\" id=\"venep-2163645091\"><div id=\"venep-667156013\"><blockquote>\r\n<h6 style=\"border: 8px dashed green; text-align: center;\"><span style=\"color: #800000;\">Publica tu Press Release, Nota de prensa o Art\u00edculo promocional en<\/span> <span style=\"color: #0000ff;\"><a style=\"color: #0000ff;\" href=\"https:\/\/veneportal.com\/contact\/\">Veneportal.com<\/a><\/span> \u00a1La forma mas econ\u00f3mica y eficiente de promover tu producto, servicio o marca con contenido!<\/h6>\r\n<\/blockquote><\/div><\/div>","protected":false},"excerpt":{"rendered":"<p>Las negociaciones sufrieron una &#8220;crisis&#8221; luego de que el presidente Gustavo Petro anunciara un cese al fuego bilateral con varios grupos insurgentes, lo que el ELN neg\u00f3.El gobierno de Colombia&hellip; <\/p>\n","protected":false},"author":505,"featured_media":37639,"comment_status":"open","ping_status":"open","sticky":false,"template":"","format":"standard","meta":{"footnotes":""},"categories":[84],"tags":[],"class_list":["post-38894","post","type-post","status-publish","format-standard","has-post-thumbnail","hentry","category-america-latina"],"_links":{"self":[{"href":"https:\/\/veneportal.com\/noticias\/wp-json\/wp\/v2\/posts\/38894","targetHints":{"allow":["GET"]}}],"collection":[{"href":"https:\/\/veneportal.com\/noticias\/wp-json\/wp\/v2\/posts"}],"about":[{"href":"https:\/\/veneportal.com\/noticias\/wp-json\/wp\/v2\/types\/post"}],"author":[{"embeddable":true,"href":"https:\/\/veneportal.com\/noticias\/wp-json\/wp\/v2\/users\/505"}],"replies":[{"embeddable":true,"href":"https:\/\/veneportal.com\/noticias\/wp-json\/wp\/v2\/comments?post=38894"}],"version-history":[{"count":0,"href":"https:\/\/veneportal.com\/noticias\/wp-json\/wp\/v2\/posts\/38894\/revisions"}],"wp:featuredmedia":[{"embeddable":true,"href":"https:\/\/veneportal.com\/noticias\/wp-json\/wp\/v2\/media\/37639"}],"wp:attachment":[{"href":"https:\/\/veneportal.com\/noticias\/wp-json\/wp\/v2\/media?parent=38894"}],"wp:term":[{"taxonomy":"category","embeddable":true,"href":"https:\/\/veneportal.com\/noticias\/wp-json\/wp\/v2\/categories?post=38894"},{"taxonomy":"post_tag","embeddable":true,"href":"https:\/\/veneportal.com\/noticias\/wp-json\/wp\/v2\/tags?post=38894"}],"curies":[{"name":"wp","href":"https:\/\/api.w.org\/{rel}","templated":true}]}}