{"id":3889,"date":"2021-07-06T17:43:52","date_gmt":"2021-07-06T21:43:52","guid":{"rendered":"https:\/\/veneportal.com\/noticias\/2021\/07\/06\/chile-son-155-constituyentes-los-encargados-de-redactar-la-nueva-carta-magna\/"},"modified":"2021-07-06T17:48:31","modified_gmt":"2021-07-06T21:48:31","slug":"chile-son-155-constituyentes-los-encargados-de-redactar-la-nueva-carta-magna","status":"publish","type":"post","link":"https:\/\/veneportal.com\/noticias\/2021\/07\/06\/chile-son-155-constituyentes-los-encargados-de-redactar-la-nueva-carta-magna\/","title":{"rendered":"Chile: Son 155 constituyentes los encargados de redactar la Nueva Carta Magna."},"content":{"rendered":"<p><span style=\"font-weight: 400\">El pasado 16 de mayo se dio lugar a la elecci\u00f3n de los constituyentes, en esta elecci\u00f3n los sectores oficialistas perdieron la capacidad de veto, pudieron elegir a solo 37 delegados. Ning\u00fan sector alcanza por s\u00ed solo para vetar los cambios constitucionales.<\/span><\/p>\n<p><span style=\"font-weight: 400\">A mediados del mes de octubre de 2019 el pa\u00eds sufri\u00f3 un estallido social que tuvo una duraci\u00f3n de 3 meses y donde se vivi\u00f3 mucha violencia callejera y destrucci\u00f3n de la propiedad p\u00fablica y privada. Durante las frecuentes y numerosas movilizaciones, hub\u00f3 una dura respuesta de parte de la fuerza policial, originando muchas denuncias de violaci\u00f3n de los derechos humanos de los manifestantes. Todo este estallido social deriv\u00f3 en una convenci\u00f3n, que surgi\u00f3 el 15 de noviembre con un acuerdo pol\u00edtico y parlamentario dando paso a un proceso de cambio constitucional.<\/span><\/p>\n<p><span style=\"font-weight: 400\">Se celebr\u00f3 un plebiscito donde se impuso el \u201cApruebo\u201d\u00a0 por casi el 80% y la convenci\u00f3n como mecanismo por el 82%. Este pasado 4 de julio se instal\u00f3 la Convenci\u00f3n Constitucional, la cual se encargar\u00e1 de la redacci\u00f3n de una nueva constituci\u00f3n, que ser\u00e1 sometida al veredicto de la ciudadan\u00eda en el 2022.<\/span><\/p>\n<p><span style=\"font-weight: 400\">Despu\u00e9s de dos votaciones los 155 constituyentes eligieron a Elisa Lonc\u00f3n representante del pueblo mapuche como presidenta de la entidad. Lonc\u00f3n de 58 a\u00f1os de edad ling\u00fcista y acad\u00e9mica, <\/span><span style=\"font-weight: 400\">naci\u00f3 en Traigu\u00e9n en la regi\u00f3n de La Araucan\u00eda, en el sur de Chile y vivi\u00f3 su infancia en la comunidad Lefweluan.<\/span><\/p>\n<p><span style=\"font-weight: 400\">Seg\u00fan encuestas realizadas los chilenos desean una reforma de la Carta Magna para acabar con la profunda desigualdad socio-econ\u00f3mica que impera en el pa\u00eds. Son muchos los motivos para pedir dicha reforma, pero los que motivaron la salida de millares de estudiantes y organizaciones a manifestarse, es terminar con la privatizaci\u00f3n de la salud, educaci\u00f3n y de las pensiones.<\/span><\/p>\n<p><span style=\"font-weight: 400\">Como algo in\u00e9dito en el mundo el \u00f3rgano est\u00e1 compuesto por 155 de forma paritaria, son parte de la misma 17 representantes de pueblos ind\u00edgenas. Los constituyentes tienen un lapso de 9 meses para redactar la primera Constituci\u00f3n que emana de un proceso plenamente democr\u00e1tico en la historia de Chile, y la cual sustituir\u00e1 a la actual que fue heredada de la dictadura de Augusto Pinochet (1973-1990).<\/span><\/p>\n<p><span style=\"font-weight: 400\">Dicha reforma se da en un escenario donde la derecha del pa\u00eds se encuentra debilitada y la izquierda y los independientes progresistas ganan protagonismo en el \u00e1mbito pol\u00edtico. Lo que trae preocupaci\u00f3n a muchos otros dirigentes pol\u00edticos, que desean que se encaucen los problemas, pero que la soluci\u00f3n no lleve al poder a l\u00edderes alineados con el socialismo, el cual ha hecho mucho da\u00f1o en otros pa\u00edses de la regi\u00f3n.\u00a0<\/span><\/p>\n<p>\u00a0 \u00a0 \u00a0 \u00a0 \u00a0 \u00a0 \u00a0 \u00a0 \u00a0 \u00a0 \u00a0 \u00a0 \u00a0 \u00a0 \u00a0 \u00a0 \u00a0 \u00a0 \u00a0 \u00a0 \u00a0 \u00a0 \u00a0 \u00a0 \u00a0 \u00a0 \u00a0 \u00a0 \u00a0 \u00a0 \u00a0 \u00a0 \u00a0 \u00a0 \u00a0 \u00a0 \u00a0 \u00a0 \u00a0 \u00a0 \u00a0 \u00a0 \u00a0 \u00a0 \u00a0 \u00a0 \u00a0 \u00a0 \u00a0 \u00a0 \u00a0 \u00a0 \u00a0 \u00a0 \u00a0 \u00a0 \u00a0 \u00a0 \u00a0 \u00a0 \u00a0 \u00a0 \u00a0 \u00a0 \u00a0 1masquemigro\/ varias fuentes.<\/p>\n<div class=\"venep-after-content venep-entity-placement\" id=\"venep-3404057562\"><div id=\"venep-420043191\"><script async src=\"https:\/\/pagead2.googlesyndication.com\/pagead\/js\/adsbygoogle.js?client=ca-pub-5862940809620110\"\r\n     crossorigin=\"anonymous\"><\/script>\r\n<ins class=\"adsbygoogle\"\r\n     style=\"display:block\"\r\n     data-ad-format=\"fluid\"\r\n     data-ad-layout-key=\"-6t+ed+2i-1n-4w\"\r\n     data-ad-client=\"ca-pub-5862940809620110\"\r\n     data-ad-slot=\"7946604715\"><\/ins>\r\n<script>\r\n     (adsbygoogle = window.adsbygoogle || []).push({});\r\n<\/script><\/div><\/div>","protected":false},"excerpt":{"rendered":"<p>El pasado 16 de mayo se dio lugar a la elecci\u00f3n de los constituyentes, en esta elecci\u00f3n los sectores oficialistas perdieron la capacidad de veto, pudieron elegir a solo 37&hellip; <\/p>\n","protected":false},"author":55,"featured_media":3891,"comment_status":"open","ping_status":"open","sticky":false,"template":"","format":"standard","meta":{"footnotes":""},"categories":[57],"tags":[],"class_list":["post-3889","post","type-post","status-publish","format-standard","has-post-thumbnail","hentry","category-articulos-de-opinion"],"_links":{"self":[{"href":"https:\/\/veneportal.com\/noticias\/wp-json\/wp\/v2\/posts\/3889","targetHints":{"allow":["GET"]}}],"collection":[{"href":"https:\/\/veneportal.com\/noticias\/wp-json\/wp\/v2\/posts"}],"about":[{"href":"https:\/\/veneportal.com\/noticias\/wp-json\/wp\/v2\/types\/post"}],"author":[{"embeddable":true,"href":"https:\/\/veneportal.com\/noticias\/wp-json\/wp\/v2\/users\/55"}],"replies":[{"embeddable":true,"href":"https:\/\/veneportal.com\/noticias\/wp-json\/wp\/v2\/comments?post=3889"}],"version-history":[{"count":2,"href":"https:\/\/veneportal.com\/noticias\/wp-json\/wp\/v2\/posts\/3889\/revisions"}],"predecessor-version":[{"id":3892,"href":"https:\/\/veneportal.com\/noticias\/wp-json\/wp\/v2\/posts\/3889\/revisions\/3892"}],"wp:featuredmedia":[{"embeddable":true,"href":"https:\/\/veneportal.com\/noticias\/wp-json\/wp\/v2\/media\/3891"}],"wp:attachment":[{"href":"https:\/\/veneportal.com\/noticias\/wp-json\/wp\/v2\/media?parent=3889"}],"wp:term":[{"taxonomy":"category","embeddable":true,"href":"https:\/\/veneportal.com\/noticias\/wp-json\/wp\/v2\/categories?post=3889"},{"taxonomy":"post_tag","embeddable":true,"href":"https:\/\/veneportal.com\/noticias\/wp-json\/wp\/v2\/tags?post=3889"}],"curies":[{"name":"wp","href":"https:\/\/api.w.org\/{rel}","templated":true}]}}