{"id":38616,"date":"2023-01-18T12:00:06","date_gmt":"2023-01-18T17:00:06","guid":{"rendered":"https:\/\/veneportal.com\/noticias\/2023\/01\/18\/petro-a-giammattei-cordura-es-luchar-contra-la-corrupcion\/"},"modified":"2023-01-18T12:00:06","modified_gmt":"2023-01-18T17:00:06","slug":"petro-a-giammattei-cordura-es-luchar-contra-la-corrupcion","status":"publish","type":"post","link":"https:\/\/veneportal.com\/noticias\/2023\/01\/18\/petro-a-giammattei-cordura-es-luchar-contra-la-corrupcion\/","title":{"rendered":"Petro a Giammattei: &#8220;Cordura es luchar contra la corrupci\u00f3n&#8221;"},"content":{"rendered":"<p>Tensi\u00f3n entre Colombia y Guatemala tras la decisi\u00f3n del Ministerio P\u00fablico del pa\u00eds centroamericano de emprender acciones legales contra el ministro de Defensa colombiano, Iv\u00e1n Vel\u00e1squez.Las tensiones entre Guatemala y Colombia derivan de la decisi\u00f3n del fiscal guatemalteco Rafael Curruchiche de emprender acciones legales contra Iv\u00e1n Vel\u00e1squez por su desempe\u00f1o al frente de la Cicig. Las acusaciones se enmarcan en el caso de corrupci\u00f3n de la constructora brasile\u00f1a Odebrecht.<\/p>\n<p>Vel\u00e1squez, de 67 a\u00f1os, fue jefe de la Cicig en Guatemala entre 2013 y 2017, per\u00edodo durante el cual realiz\u00f3 una hist\u00f3rica lucha contra la corrupci\u00f3n, en la que fueron desmanteladas decenas de estructuras ilegales que operaban dentro de instituciones gubernamentales.<\/p>\n<p>&#8220;V\u00eda diplom\u00e1tica&#8221;<\/p>\n<p>Tras la decisi\u00f3n del fiscal guatemalteco de emprender acciones contra Vel\u00e1squez, actual ministro de Defensa de Colombia, el presidente de ese pa\u00eds, Gustavo Petro llam\u00f3 a consultas a su embajadora en Guatemala, a lo que Giammattei respondi\u00f3 &#8220;en reciprocidad&#8221; con la misma medida.<\/p>\n<p>El presidente del pa\u00eds centroamericano hizo adem\u00e1s un llamamiento a la &#8220;cordura&#8221; durante una entrevista en Madrid. &#8220;Voy a dejar que el presidente Petro siga cometiendo el error de un guerrillero, pero que es poco pol\u00edtico. No voy a caer en el juego. Las diferencias entre las naciones deben ser resueltas por la v\u00eda diplom\u00e1tica para evitar que los conflictos escalen despu\u00e9s a lugares donde ya es dif\u00edcil salir&#8221;, dijo Giammattei durante la entrevista.<\/p>\n<p>&#8220;Est\u00e1n dejando libres a narcotraficantes, a personas que asesinaron gente durante el conflicto armado, all\u00e1 ellos y su Justicia, en mi pa\u00eds si algo hemos procurado es la independencia de los poderes del Estado (&#8230;) la total y absoluta independencia y respeto total a las decisiones de los jueces y magistrados&#8221;, argument\u00f3 Giammattei.<\/p>\n<p>Lucha contra la corrupci\u00f3n<\/p>\n<p>Por su parte, Gustavo Petro respondi\u00f3 a esas declaraciones diciendo que, en pol\u00edtica, el concepto &#8220;cordura&#8221; supone &#8220;luchar contra la corrupci\u00f3n&#8221;. &#8220;Cordura en pol\u00edtica significa luchar contra la corrupci\u00f3n. Quienes permiten que la mafia se apodere del estado solo conducen a la sociedad al genocidio&#8221;, escribi\u00f3 Petro en su cuenta de Twitter. &#8220;La historia de Guatemala y Colombia est\u00e1n llenas de genocidios por entregar el Estado a las mafias&#8221;, agreg\u00f3 Petro en su mensaje de respuesta a su hom\u00f3logo guatemalteco.<\/p>\n<p>MS (efe\/eltiempo.com)<\/p>\n<div class=\"venep-after-content venep-entity-placement\" id=\"venep-1076118799\"><div id=\"venep-542570399\"><script async src=\"https:\/\/pagead2.googlesyndication.com\/pagead\/js\/adsbygoogle.js?client=ca-pub-5862940809620110\"\r\n     crossorigin=\"anonymous\"><\/script>\r\n<ins class=\"adsbygoogle\"\r\n     style=\"display:block\"\r\n     data-ad-format=\"fluid\"\r\n     data-ad-layout-key=\"-6t+ed+2i-1n-4w\"\r\n     data-ad-client=\"ca-pub-5862940809620110\"\r\n     data-ad-slot=\"7946604715\"><\/ins>\r\n<script>\r\n     (adsbygoogle = window.adsbygoogle || []).push({});\r\n<\/script><\/div><\/div>","protected":false},"excerpt":{"rendered":"<p>Tensi\u00f3n entre Colombia y Guatemala tras la decisi\u00f3n del Ministerio P\u00fablico del pa\u00eds centroamericano de emprender acciones legales contra el ministro de Defensa colombiano, Iv\u00e1n Vel\u00e1squez.Las tensiones entre Guatemala y&hellip; <\/p>\n","protected":false},"author":505,"featured_media":38617,"comment_status":"open","ping_status":"open","sticky":false,"template":"","format":"standard","meta":{"footnotes":""},"categories":[81],"tags":[],"class_list":["post-38616","post","type-post","status-publish","format-standard","has-post-thumbnail","hentry","category-actualidad"],"_links":{"self":[{"href":"https:\/\/veneportal.com\/noticias\/wp-json\/wp\/v2\/posts\/38616","targetHints":{"allow":["GET"]}}],"collection":[{"href":"https:\/\/veneportal.com\/noticias\/wp-json\/wp\/v2\/posts"}],"about":[{"href":"https:\/\/veneportal.com\/noticias\/wp-json\/wp\/v2\/types\/post"}],"author":[{"embeddable":true,"href":"https:\/\/veneportal.com\/noticias\/wp-json\/wp\/v2\/users\/505"}],"replies":[{"embeddable":true,"href":"https:\/\/veneportal.com\/noticias\/wp-json\/wp\/v2\/comments?post=38616"}],"version-history":[{"count":0,"href":"https:\/\/veneportal.com\/noticias\/wp-json\/wp\/v2\/posts\/38616\/revisions"}],"wp:featuredmedia":[{"embeddable":true,"href":"https:\/\/veneportal.com\/noticias\/wp-json\/wp\/v2\/media\/38617"}],"wp:attachment":[{"href":"https:\/\/veneportal.com\/noticias\/wp-json\/wp\/v2\/media?parent=38616"}],"wp:term":[{"taxonomy":"category","embeddable":true,"href":"https:\/\/veneportal.com\/noticias\/wp-json\/wp\/v2\/categories?post=38616"},{"taxonomy":"post_tag","embeddable":true,"href":"https:\/\/veneportal.com\/noticias\/wp-json\/wp\/v2\/tags?post=38616"}],"curies":[{"name":"wp","href":"https:\/\/api.w.org\/{rel}","templated":true}]}}