{"id":38504,"date":"2023-01-17T10:00:04","date_gmt":"2023-01-17T15:00:04","guid":{"rendered":"https:\/\/veneportal.com\/noticias\/2023\/01\/17\/las-protestas-no-se-detienen-en-peru-pese-a-llamados-del-gobierno\/"},"modified":"2023-01-17T10:00:04","modified_gmt":"2023-01-17T15:00:04","slug":"las-protestas-no-se-detienen-en-peru-pese-a-llamados-del-gobierno","status":"publish","type":"post","link":"https:\/\/veneportal.com\/noticias\/2023\/01\/17\/las-protestas-no-se-detienen-en-peru-pese-a-llamados-del-gobierno\/","title":{"rendered":"Las protestas no se detienen en Per\u00fa pese a llamados del gobierno"},"content":{"rendered":"<p>[iframe src=&#8221;https:\/\/www.vozdeamerica.com\/embed\/player\/0\/6920896.html?type=video&#8221; width=&#8221;640&#8243; height=&#8221;360&#8243; frameborder=&#8221;0&#8243; scrolling=&#8221;no&#8221; allowfullscreen=&#8221;allowfullscreen&#8221;]<\/p>\n<p>Per\u00fa inici\u00f3 la semana en medio de nuevas protestas contra el gobierno de la presidenta Dina Boluarte. Desde el fin de semana, la capital, Lima, se sum\u00f3 a las ciudades en estado de emergencia. N\u00e9stor Aguilera nos actualiza la situaci\u00f3n en el pa\u00eds sudamericano.<\/p>\n<div class=\"venep-after-content venep-entity-placement\" id=\"venep-54351516\"><div id=\"venep-3450098450\"><a href=\"https:\/\/veneportal.com\/como-aparecer-en-google\/\" aria-label=\"attention-attention (1)\"><img src=\"https:\/\/veneportal.com\/noticias\/wp-content\/uploads\/sites\/2\/2021\/03\/attention-attention-1.png\" alt=\"\"  srcset=\"https:\/\/veneportal.com\/noticias\/wp-content\/uploads\/sites\/2\/2021\/03\/attention-attention-1.png 1747w, https:\/\/veneportal.com\/noticias\/wp-content\/uploads\/sites\/2\/2021\/03\/attention-attention-1-300x213.png 300w, https:\/\/veneportal.com\/noticias\/wp-content\/uploads\/sites\/2\/2021\/03\/attention-attention-1-1024x727.png 1024w, https:\/\/veneportal.com\/noticias\/wp-content\/uploads\/sites\/2\/2021\/03\/attention-attention-1-768x545.png 768w, https:\/\/veneportal.com\/noticias\/wp-content\/uploads\/sites\/2\/2021\/03\/attention-attention-1-1536x1090.png 1536w, https:\/\/veneportal.com\/noticias\/wp-content\/uploads\/sites\/2\/2021\/03\/attention-attention-1-600x426.png 600w\" sizes=\"(max-width: 1747px) 100vw, 1747px\" width=\"600\" height=\"400\"   \/><\/a><\/div><\/div>","protected":false},"excerpt":{"rendered":"<p>Las protestas no se detienen en Per\u00fa pese a llamados del gobiernoPer\u00fa inici\u00f3 la semana en medio de nuevas protestas contra el gobierno de la presidenta Dina Boluarte. Desde el fin de semana, la capital, Lima, se sum\u00f3 a las ciudades en estado de emergencia. N\u00e9stor Aguilera nos actualiza la situaci\u00f3n en el pa\u00eds sudamericano.<\/p>\n","protected":false},"author":1287,"featured_media":38505,"comment_status":"open","ping_status":"open","sticky":false,"template":"","format":"video","meta":{"footnotes":""},"categories":[93],"tags":[],"class_list":["post-38504","post","type-post","status-publish","format-video","has-post-thumbnail","hentry","category-multimedia","post_format-post-format-video"],"_links":{"self":[{"href":"https:\/\/veneportal.com\/noticias\/wp-json\/wp\/v2\/posts\/38504","targetHints":{"allow":["GET"]}}],"collection":[{"href":"https:\/\/veneportal.com\/noticias\/wp-json\/wp\/v2\/posts"}],"about":[{"href":"https:\/\/veneportal.com\/noticias\/wp-json\/wp\/v2\/types\/post"}],"author":[{"embeddable":true,"href":"https:\/\/veneportal.com\/noticias\/wp-json\/wp\/v2\/users\/1287"}],"replies":[{"embeddable":true,"href":"https:\/\/veneportal.com\/noticias\/wp-json\/wp\/v2\/comments?post=38504"}],"version-history":[{"count":0,"href":"https:\/\/veneportal.com\/noticias\/wp-json\/wp\/v2\/posts\/38504\/revisions"}],"wp:featuredmedia":[{"embeddable":true,"href":"https:\/\/veneportal.com\/noticias\/wp-json\/wp\/v2\/media\/38505"}],"wp:attachment":[{"href":"https:\/\/veneportal.com\/noticias\/wp-json\/wp\/v2\/media?parent=38504"}],"wp:term":[{"taxonomy":"category","embeddable":true,"href":"https:\/\/veneportal.com\/noticias\/wp-json\/wp\/v2\/categories?post=38504"},{"taxonomy":"post_tag","embeddable":true,"href":"https:\/\/veneportal.com\/noticias\/wp-json\/wp\/v2\/tags?post=38504"}],"curies":[{"name":"wp","href":"https:\/\/api.w.org\/{rel}","templated":true}]}}