{"id":38500,"date":"2023-01-17T10:00:04","date_gmt":"2023-01-17T15:00:04","guid":{"rendered":"https:\/\/veneportal.com\/noticias\/2023\/01\/17\/no-hay-mas-espacio-para-migrantes-en-nueva-york-dice-alcalde\/"},"modified":"2023-01-17T10:00:04","modified_gmt":"2023-01-17T15:00:04","slug":"no-hay-mas-espacio-para-migrantes-en-nueva-york-dice-alcalde","status":"publish","type":"post","link":"https:\/\/veneportal.com\/noticias\/2023\/01\/17\/no-hay-mas-espacio-para-migrantes-en-nueva-york-dice-alcalde\/","title":{"rendered":"\u201cNo hay m\u00e1s espacio\u201d para migrantes en Nueva York, dice alcalde"},"content":{"rendered":"<p>[iframe src=&#8221;https:\/\/www.vozdeamerica.com\/embed\/player\/0\/6920964.html?type=video&#8221; width=&#8221;640&#8243; height=&#8221;360&#8243; frameborder=&#8221;0&#8243; scrolling=&#8221;no&#8221; allowfullscreen=&#8221;allowfullscreen&#8221;]<\/p>\n<p>El alcalde de la ciudad de Nueva York hizo un llamado al gobierno de Biden para que cubra los costos de mantener a los migrantes en esa ciudad. Estos comentarios los ofreci\u00f3 este domingo durante una visita a El Paso, Texas. \u00c1ngela Gonz\u00e1lez nos tiene los detalles.<\/p>\n<div class=\"venep-after-content venep-entity-placement\" id=\"venep-842756846\"><div id=\"venep-3390000434\"><a href=\"https:\/\/www.silverstarfinancialservices.com\/\" aria-label=\"silverstar financial\"><img src=\"https:\/\/veneportal.com\/noticias\/wp-content\/uploads\/sites\/2\/2022\/06\/silverstar-financial-2.png\" alt=\"silverstar financial\"  srcset=\"https:\/\/veneportal.com\/noticias\/wp-content\/uploads\/sites\/2\/2022\/06\/silverstar-financial-2.png 1748w, https:\/\/veneportal.com\/noticias\/wp-content\/uploads\/sites\/2\/2022\/06\/silverstar-financial-2-300x213.png 300w, https:\/\/veneportal.com\/noticias\/wp-content\/uploads\/sites\/2\/2022\/06\/silverstar-financial-2-1024x726.png 1024w, https:\/\/veneportal.com\/noticias\/wp-content\/uploads\/sites\/2\/2022\/06\/silverstar-financial-2-768x545.png 768w, https:\/\/veneportal.com\/noticias\/wp-content\/uploads\/sites\/2\/2022\/06\/silverstar-financial-2-1536x1090.png 1536w, https:\/\/veneportal.com\/noticias\/wp-content\/uploads\/sites\/2\/2022\/06\/silverstar-financial-2-600x426.png 600w\" sizes=\"(max-width: 1748px) 100vw, 1748px\" width=\"559\" height=\"397\"   \/><\/a><\/div><\/div>","protected":false},"excerpt":{"rendered":"<p>\u201cNo hay m\u00e1s espacio\u201d para migrantes en Nueva York, dice alcaldeEl alcalde de la ciudad de Nueva York hizo un llamado al gobierno de Biden para que cubra los costos de mantener a los migrantes en esa ciudad. Estos comentarios los ofreci\u00f3 este domingo durante una visita a El Paso, Texas. \u00c1ngela Gonz\u00e1lez nos tiene los detalles.<\/p>\n","protected":false},"author":1287,"featured_media":38501,"comment_status":"open","ping_status":"open","sticky":false,"template":"","format":"video","meta":{"footnotes":""},"categories":[93],"tags":[],"class_list":["post-38500","post","type-post","status-publish","format-video","has-post-thumbnail","hentry","category-multimedia","post_format-post-format-video"],"_links":{"self":[{"href":"https:\/\/veneportal.com\/noticias\/wp-json\/wp\/v2\/posts\/38500","targetHints":{"allow":["GET"]}}],"collection":[{"href":"https:\/\/veneportal.com\/noticias\/wp-json\/wp\/v2\/posts"}],"about":[{"href":"https:\/\/veneportal.com\/noticias\/wp-json\/wp\/v2\/types\/post"}],"author":[{"embeddable":true,"href":"https:\/\/veneportal.com\/noticias\/wp-json\/wp\/v2\/users\/1287"}],"replies":[{"embeddable":true,"href":"https:\/\/veneportal.com\/noticias\/wp-json\/wp\/v2\/comments?post=38500"}],"version-history":[{"count":0,"href":"https:\/\/veneportal.com\/noticias\/wp-json\/wp\/v2\/posts\/38500\/revisions"}],"wp:featuredmedia":[{"embeddable":true,"href":"https:\/\/veneportal.com\/noticias\/wp-json\/wp\/v2\/media\/38501"}],"wp:attachment":[{"href":"https:\/\/veneportal.com\/noticias\/wp-json\/wp\/v2\/media?parent=38500"}],"wp:term":[{"taxonomy":"category","embeddable":true,"href":"https:\/\/veneportal.com\/noticias\/wp-json\/wp\/v2\/categories?post=38500"},{"taxonomy":"post_tag","embeddable":true,"href":"https:\/\/veneportal.com\/noticias\/wp-json\/wp\/v2\/tags?post=38500"}],"curies":[{"name":"wp","href":"https:\/\/api.w.org\/{rel}","templated":true}]}}