{"id":38337,"date":"2023-01-15T00:00:08","date_gmt":"2023-01-15T05:00:08","guid":{"rendered":"https:\/\/veneportal.com\/noticias\/2023\/01\/15\/turquia-advierte-que-manifestaciones-kurdas-en-suecia-dificultan-la-adhesion-a-la-otan\/"},"modified":"2023-01-15T00:00:08","modified_gmt":"2023-01-15T05:00:08","slug":"turquia-advierte-que-manifestaciones-kurdas-en-suecia-dificultan-la-adhesion-a-la-otan","status":"publish","type":"post","link":"https:\/\/veneportal.com\/noticias\/2023\/01\/15\/turquia-advierte-que-manifestaciones-kurdas-en-suecia-dificultan-la-adhesion-a-la-otan\/","title":{"rendered":"Turqu\u00eda advierte que manifestaciones kurdas en Suecia dificultan la adhesi\u00f3n a la OTAN"},"content":{"rendered":"<p>Turqu\u00eda &#8220;no est\u00e1 en condiciones&#8221; de ratificar por el momento el ingreso de Suecia en la OTAN, declar\u00f3 el este s\u00e1bado (14.01.2023) Ibrahim Kalin, un asesor del presidente Recep Tayyip Erdogan, tras un incidente que caus\u00f3 malestar en Ankara. &#8220;No estamos en condiciones de enviar la ley [de ratificaci\u00f3n] al Parlamento, tenemos un verdadero problema con este tema&#8221; y los diputados podr\u00edan rechazarla, precis\u00f3 Kalin.<\/p>\n<p>El gobierno turco convoc\u00f3 al embajador sueco en Ankara para protestar por la difusi\u00f3n, el jueves, de un montaje de video realizado por la filial sueca del Partido de los Trabajadores del Kurdist\u00e1n (PKK) en el cual se ve al presidente turco, Recep Tayyip Erdogan, en la horca bajo el ep\u00edteto de &#8220;dictador&#8221;. Erdogan dijo en noviembre que Turqu\u00eda no ratificar\u00eda la adhesi\u00f3n de Suecia a la OTAN antes de las elecciones presidenciales de junio.<\/p>\n<p>Turqu\u00eda, \u00fanico pa\u00eds que queda por ratificar el ingreso adem\u00e1s de Hungr\u00eda, bloquea desde mayo las candidaturas de Suecia y Finlandia a la Organizaci\u00f3n del Tratado del Atl\u00e1ntico Norte (OTAN), por considerarlas santuarios de miembros del PKK y de otras organizaciones a las que define como &#8220;terroristas&#8221;. &#8220;Queremos avanzar, pero si ese tipo de incidentes se repiten, el proceso [de adhesi\u00f3n de Suecia] se ralentizar\u00e1&#8221;, dijo Kalin a periodistas.<\/p>\n<p>El asesor presidencial turco afirm\u00f3 que Suecia debe enviar &#8220;un mensaje claro&#8221; sobre su postura ante los miembros del PKK que residen en el pa\u00eds n\u00f3rdico. Suecia &#8220;deber\u00eda garantizar, por ejemplo, que [el PKK] ya no podr\u00e1 reclutar ni recaudar fondos&#8221; dentro de sus fronteras, declar\u00f3. &#8220;Lo que nos han dicho que la nueva legislaci\u00f3n ser\u00e1 plenamente efectiva a partir de junio, pero hay cosas que pueden hacer antes&#8221;, dijo. Kalin reconoci\u00f3 sin embargo que el nuevo gobierno sueco tom\u00f3 varias iniciativas importantes, como la &#8220;muy apreciada&#8221; visita del primer ministro escandinavo a Ankara poco despu\u00e9s de haber asumido el cargo. (afp\/ap)<\/p>\n<div class=\"venep-after-content venep-entity-placement\" id=\"venep-2264461332\"><div id=\"venep-1783916263\"><div class=\"d5oMvf\">\r\n<div class=\"cfxYMc JfZTW c4Djg MUxGbd v0nnCb\" role=\"heading\" aria-level=\"3\"><a href=\"https:\/\/veneportal.com\/precios-publicidad-para-mi-negocio\/#premium\">Advertising en Espa&ntilde;ol<\/a> - Desde $1 por dia&nbsp;<a href=\"https:\/\/veneportal.com\/precios-publicidad-para-mi-negocio\/#premium\" target=\"_blank\" rel=\"noopener\">en Veneportal<\/a>\r\n<div id=\"wta_async_s0\" class=\"k1sBMc yp\" data-jiis=\"up\" data-async-type=\"wta\" data-async-context-required=\"wtad\" data-ved=\"2ahUKEwiBl6fL-cTvAhXIHM0KHUthBqsQqa8FegQIAhAC\">&nbsp;<\/div>\r\n<div class=\"rIbAWc\" tabindex=\"0\" role=\"button\" aria-expanded=\"false\" aria-haspopup=\"true\">El advertising en Espa&ntilde;ol mas econ&oacute;mico. Avisos tipo google ads en el portal de noticias en Espa&ntilde;ol mas importante a escala global!<\/div>\r\n<\/div>\r\n<\/div>\r\n<div class=\"MUxGbd lyLwlc aLF0Z\">\r\n<div class=\"Hk2yDb KsR1A\" role=\"img\" aria-label=\"Rated 4.5 out of 5\">&nbsp;<\/div>\r\n&nbsp;<\/div><\/div><\/div>","protected":false},"excerpt":{"rendered":"<p>Turqu\u00eda &#8220;no est\u00e1 en condiciones&#8221; de ratificar por el momento el ingreso de Suecia en la OTAN, declar\u00f3 el este s\u00e1bado (14.01.2023) Ibrahim Kalin, un asesor del presidente Recep Tayyip&hellip; <\/p>\n","protected":false},"author":505,"featured_media":38338,"comment_status":"open","ping_status":"open","sticky":false,"template":"","format":"standard","meta":{"footnotes":""},"categories":[85],"tags":[],"class_list":["post-38337","post","type-post","status-publish","format-standard","has-post-thumbnail","hentry","category-politica"],"_links":{"self":[{"href":"https:\/\/veneportal.com\/noticias\/wp-json\/wp\/v2\/posts\/38337","targetHints":{"allow":["GET"]}}],"collection":[{"href":"https:\/\/veneportal.com\/noticias\/wp-json\/wp\/v2\/posts"}],"about":[{"href":"https:\/\/veneportal.com\/noticias\/wp-json\/wp\/v2\/types\/post"}],"author":[{"embeddable":true,"href":"https:\/\/veneportal.com\/noticias\/wp-json\/wp\/v2\/users\/505"}],"replies":[{"embeddable":true,"href":"https:\/\/veneportal.com\/noticias\/wp-json\/wp\/v2\/comments?post=38337"}],"version-history":[{"count":0,"href":"https:\/\/veneportal.com\/noticias\/wp-json\/wp\/v2\/posts\/38337\/revisions"}],"wp:featuredmedia":[{"embeddable":true,"href":"https:\/\/veneportal.com\/noticias\/wp-json\/wp\/v2\/media\/38338"}],"wp:attachment":[{"href":"https:\/\/veneportal.com\/noticias\/wp-json\/wp\/v2\/media?parent=38337"}],"wp:term":[{"taxonomy":"category","embeddable":true,"href":"https:\/\/veneportal.com\/noticias\/wp-json\/wp\/v2\/categories?post=38337"},{"taxonomy":"post_tag","embeddable":true,"href":"https:\/\/veneportal.com\/noticias\/wp-json\/wp\/v2\/tags?post=38337"}],"curies":[{"name":"wp","href":"https:\/\/api.w.org\/{rel}","templated":true}]}}