{"id":38335,"date":"2023-01-15T00:00:08","date_gmt":"2023-01-15T05:00:08","guid":{"rendered":"https:\/\/veneportal.com\/noticias\/2023\/01\/15\/alemania-inaugura-su-segunda-terminal-de-gas-natural-licuado\/"},"modified":"2023-01-15T00:00:08","modified_gmt":"2023-01-15T05:00:08","slug":"alemania-inaugura-su-segunda-terminal-de-gas-natural-licuado","status":"publish","type":"post","link":"https:\/\/veneportal.com\/noticias\/2023\/01\/15\/alemania-inaugura-su-segunda-terminal-de-gas-natural-licuado\/","title":{"rendered":"Alemania inaugura su segunda terminal de gas natural licuado"},"content":{"rendered":"<p>El canciller alem\u00e1n, Olaf Scholz, inaugur\u00f3 este s\u00e1bado (14.01.2023) en Lubmin, en el norte de Alemania, la segunda terminal de importaci\u00f3n de gas natural licuado (GNL), y celebr\u00f3 que el plan para reducir la dependencia energ\u00e9tica de Rusia y garantizar el suministro est\u00e9 dando sus frutos. En presencia de Scholz, los operadores de la instalaci\u00f3n recibieron la licencia de explotaci\u00f3n.<\/p>\n<p>El canciller destac\u00f3 que poco antes de Navidad pudo inaugurar la terminal de GNL en Wilhelmshaven (Baja Sajonia), hoy en Lubmin (Mecklenburgo-Antepomerania) se pone en marcha la segunda unidad y la semana pr\u00f3xima podr\u00eda ser el turno ya de Brunsb\u00fcttel (Schleswig-Holstein). &#8220;Todo forma parte de un plan con el que queremos garantizar que Alemania pueda importar todo el gas que importaba antes&#8221;, declar\u00f3.<\/p>\n<p>Esto se har\u00e1 &#8220;con mejores suministros desde Noruega a trav\u00e9s del gasoducto, con el uso del gas que nos siguen poniendo a disposici\u00f3n desde el Mar del Norte los Pa\u00edses Bajos, con el uso de los puertos europeos occidentales, pero precisamente tambi\u00e9n con nuevas posibilidades de importaci\u00f3n que hemos creado a un ritmo muy elevado en las costas del norte&#8221;, dijo.<\/p>\n<p>&#8220;Para m\u00ed es una buena se\u00f1al. Lo anunciado sigue en pie. Continuaremos en la misma l\u00ednea. Seguiremos ampliando las capacidades aqu\u00ed y en otros lugares, entre otras cosas con terminales fijas, pero tambi\u00e9n con m\u00e1s buques regasificadores, para que la consecuci\u00f3n de este objetivo est\u00e9 realmente garantizada&#8221;, agreg\u00f3. Y destac\u00f3 la velocidad con la que se ha adaptado el sistema energ\u00e9tico. &#8220;Incluso antes de la guerra que Rusia inici\u00f3 contra Ucrania, pensamos en lo que ocurrir\u00eda si Rusia corta el suministro de gas a Alemania y Europa de la forma en la que realmente ocurri\u00f3&#8221; despu\u00e9s, afirm\u00f3.<\/p>\n<p>Por su parte, la jefa de Gobierno de Mecklenburgo-Antepomerania, Manuela Schwesig, afirm\u00f3 que el recurso al gas natural licuado puede ser solo una soluci\u00f3n transitoria y subray\u00f3 que el futuro est\u00e1 en las energ\u00edas renovables, inform\u00f3 la cadena p\u00fablica regional WDR. &#8220;Nos complace dar hoy un paso m\u00e1s hacia la seguridad energ\u00e9tica en Alemania&#8221;, dijo Schwesig, quien quiere convertir Lubmin, en el mar B\u00e1ltico, en un centro neur\u00e1ligo en materia energ\u00e9tica. (efe)<\/p>\n<div class=\"venep-after-content venep-entity-placement\" id=\"venep-3300762566\"><div id=\"venep-3436695577\"><a href=\"https:\/\/veneportal.com\/como-aparecer-en-google\/\" aria-label=\"attention-attention (1)\"><img src=\"https:\/\/veneportal.com\/noticias\/wp-content\/uploads\/sites\/2\/2021\/03\/attention-attention-1.png\" alt=\"\"  srcset=\"https:\/\/veneportal.com\/noticias\/wp-content\/uploads\/sites\/2\/2021\/03\/attention-attention-1.png 1747w, https:\/\/veneportal.com\/noticias\/wp-content\/uploads\/sites\/2\/2021\/03\/attention-attention-1-300x213.png 300w, https:\/\/veneportal.com\/noticias\/wp-content\/uploads\/sites\/2\/2021\/03\/attention-attention-1-1024x727.png 1024w, https:\/\/veneportal.com\/noticias\/wp-content\/uploads\/sites\/2\/2021\/03\/attention-attention-1-768x545.png 768w, https:\/\/veneportal.com\/noticias\/wp-content\/uploads\/sites\/2\/2021\/03\/attention-attention-1-1536x1090.png 1536w, https:\/\/veneportal.com\/noticias\/wp-content\/uploads\/sites\/2\/2021\/03\/attention-attention-1-600x426.png 600w\" sizes=\"(max-width: 1747px) 100vw, 1747px\" width=\"600\" height=\"400\"   \/><\/a><\/div><\/div>","protected":false},"excerpt":{"rendered":"<p>El canciller alem\u00e1n, Olaf Scholz, inaugur\u00f3 este s\u00e1bado (14.01.2023) en Lubmin, en el norte de Alemania, la segunda terminal de importaci\u00f3n de gas natural licuado (GNL), y celebr\u00f3 que el&hellip; <\/p>\n","protected":false},"author":505,"featured_media":38336,"comment_status":"open","ping_status":"open","sticky":false,"template":"","format":"standard","meta":{"footnotes":""},"categories":[85],"tags":[],"class_list":["post-38335","post","type-post","status-publish","format-standard","has-post-thumbnail","hentry","category-politica"],"_links":{"self":[{"href":"https:\/\/veneportal.com\/noticias\/wp-json\/wp\/v2\/posts\/38335","targetHints":{"allow":["GET"]}}],"collection":[{"href":"https:\/\/veneportal.com\/noticias\/wp-json\/wp\/v2\/posts"}],"about":[{"href":"https:\/\/veneportal.com\/noticias\/wp-json\/wp\/v2\/types\/post"}],"author":[{"embeddable":true,"href":"https:\/\/veneportal.com\/noticias\/wp-json\/wp\/v2\/users\/505"}],"replies":[{"embeddable":true,"href":"https:\/\/veneportal.com\/noticias\/wp-json\/wp\/v2\/comments?post=38335"}],"version-history":[{"count":0,"href":"https:\/\/veneportal.com\/noticias\/wp-json\/wp\/v2\/posts\/38335\/revisions"}],"wp:featuredmedia":[{"embeddable":true,"href":"https:\/\/veneportal.com\/noticias\/wp-json\/wp\/v2\/media\/38336"}],"wp:attachment":[{"href":"https:\/\/veneportal.com\/noticias\/wp-json\/wp\/v2\/media?parent=38335"}],"wp:term":[{"taxonomy":"category","embeddable":true,"href":"https:\/\/veneportal.com\/noticias\/wp-json\/wp\/v2\/categories?post=38335"},{"taxonomy":"post_tag","embeddable":true,"href":"https:\/\/veneportal.com\/noticias\/wp-json\/wp\/v2\/tags?post=38335"}],"curies":[{"name":"wp","href":"https:\/\/api.w.org\/{rel}","templated":true}]}}