{"id":38333,"date":"2023-01-15T00:00:08","date_gmt":"2023-01-15T05:00:08","guid":{"rendered":"https:\/\/veneportal.com\/noticias\/2023\/01\/15\/miles-de-israelies-se-manifiestan-contra-el-gobierno-en-tel-aviv\/"},"modified":"2023-01-15T00:00:08","modified_gmt":"2023-01-15T05:00:08","slug":"miles-de-israelies-se-manifiestan-contra-el-gobierno-en-tel-aviv","status":"publish","type":"post","link":"https:\/\/veneportal.com\/noticias\/2023\/01\/15\/miles-de-israelies-se-manifiestan-contra-el-gobierno-en-tel-aviv\/","title":{"rendered":"Miles de israel\u00edes se manifiestan contra el gobierno en Tel Aviv"},"content":{"rendered":"<p>M\u00e1s de 70.000 manifestantes claman contra la reforma judicial de Benjamin Netanyahu en la protesta m\u00e1s grande en el pa\u00eds en a\u00f1os y ante lo que consideran una amenaza para el sistema democr\u00e1tico.Miles de israel\u00edes se manifestaron el s\u00e1bado por la noche (14.01.2023) en el centro de Tel Aviv para expresar su rechazo a la pol\u00edtica de la coalici\u00f3n gobernante, formada por partidos de derecha, ultraderecha y ultraortodoxos jud\u00edos. Los manifestantes atend\u00edan el llamado de una organizaci\u00f3n anticorrupci\u00f3n, Banderas Negras, y exigieron &#8220;salvar la democracia&#8221; y evitar el &#8220;derrocamiento del r\u00e9gimen&#8221; pol\u00edtico en vigor en Israel desde la creaci\u00f3n del pa\u00eds en 1948.<\/p>\n<p>Los partidos de centro, de izquierda y la alianza de los partidos \u00e1rabes Hadash Taal hab\u00edan instado a los israel\u00edes a manifestarse, en particular, contra la reforma de la justicia presentada el 4 de enero por el gobierno del primer ministro Benjamin Netanyahu, procesado en varios casos por supuesta corrupci\u00f3n, y reclamaron su dimisi\u00f3n, aunque lleva en el cargo poco m\u00e1s de dos semanas.<\/p>\n<p>Los planes de reforma judicial anunciados por el nuevo ministro de Justicia incluyen una pol\u00e9mica medida que permitir\u00eda que una mayor\u00eda simple de parlamentarios pueda anular una decisi\u00f3n del Tribunal Supremo que implique derogar una ley o decisi\u00f3n gubernamental, conocida como &#8220;la cl\u00e1usula de anulaci\u00f3n&#8221;. Esto allanar\u00eda el camino para que el Ejecutivo prevaleciera sobre el poder Judicial en caso de conflicto entre ambos.<\/p>\n<p>La mayor manifestaci\u00f3n en a\u00f1os<\/p>\n<p>Las pancartas de los manifestantes reunidos en la plaza Habima reflejaban la diversidad de las reivindicaciones. Algunas de las pancartas rezaban &#8220;Ha llegado el momento de derrocar al dictador&#8221;, &#8220;Gobierno de la verg\u00fcenza&#8221;, &#8220;No hay democracia con la ocupaci\u00f3n&#8221;, &#8220;No necesitamos fascistas en la Kn\u00e9set&#8221; (el parlamento israel\u00ed), &#8220;Ir\u00e1n est\u00e1 aqu\u00ed&#8221; o &#8220;Amar\u00e1s al pr\u00f3jimo como a ti mismo&#8221;, escrito en hebreo y \u00e1rabe.<\/p>\n<p>Los manifestantes colmaron la plaza Habima de Tel Aviv para expresar su rechazo a una iniciativa que otorgar\u00eda m\u00e1s poder al Ejecutivo en detrimento de la Justicia, cuya independencia se ver\u00eda profundamente debilitada. Los presentes, de todas las edades y llegados desde distintas partes del pa\u00eds, acudieron con banderas israel\u00edes y con paraguas para protegerse de la intensa lluvia invernal que azot\u00f3 la ciudad este s\u00e1bado.<\/p>\n<p>Algunos llegaron tambi\u00e9n con carteles con mensajes contra el primer ministro, Benjam\u00edn Netanyahu, y su ministro de Justicia, Yariv Lev\u00edn, adem\u00e1s de las caracter\u00edsticas banderas negras que marcaron las protestas contra el primer ministro durante los \u00faltimos a\u00f1os. La manifestaci\u00f3n de hoy en Tel Aviv, a la que asistieron tambi\u00e9n varios pol\u00edticos de la oposici\u00f3n, fue las m\u00e1s grande registrada en varios a\u00f1os y super\u00f3 con creces la de la semana pasada. Se extendi\u00f3 m\u00e1s all\u00e1 de la plaza Habima, con m\u00faltiples calles adyacentes colapsadas de gente.<\/p>\n<p>A esta se sumaron tambi\u00e9n otras dos protestas importantes en las ciudades de Haifa y Jerusal\u00e9n, a las que acudieron unas 2.000 personas, seg\u00fan estimaciones de medios israel\u00edes. Si bien la Polic\u00eda hab\u00eda alertado sobre la posibilidad de disturbios debido a la gran concentraci\u00f3n de gente y desplegado unos mil agentes, la protesta en Tel Aviv se llev\u00f3 a cabo en un clima de tranquilidad y sin mayores incidentes.<\/p>\n<p>lgc (afp\/efe)<\/p>\n<div class=\"venep-after-content venep-entity-placement\" id=\"venep-4101755397\"><div id=\"venep-1352295555\"><a href=\"https:\/\/www.silverstarfinancialservices.com\/\" aria-label=\"silverstar financial\"><img src=\"https:\/\/veneportal.com\/noticias\/wp-content\/uploads\/sites\/2\/2022\/06\/silverstar-financial-2.png\" alt=\"silverstar financial\"  srcset=\"https:\/\/veneportal.com\/noticias\/wp-content\/uploads\/sites\/2\/2022\/06\/silverstar-financial-2.png 1748w, https:\/\/veneportal.com\/noticias\/wp-content\/uploads\/sites\/2\/2022\/06\/silverstar-financial-2-300x213.png 300w, https:\/\/veneportal.com\/noticias\/wp-content\/uploads\/sites\/2\/2022\/06\/silverstar-financial-2-1024x726.png 1024w, https:\/\/veneportal.com\/noticias\/wp-content\/uploads\/sites\/2\/2022\/06\/silverstar-financial-2-768x545.png 768w, https:\/\/veneportal.com\/noticias\/wp-content\/uploads\/sites\/2\/2022\/06\/silverstar-financial-2-1536x1090.png 1536w, https:\/\/veneportal.com\/noticias\/wp-content\/uploads\/sites\/2\/2022\/06\/silverstar-financial-2-600x426.png 600w\" sizes=\"(max-width: 1748px) 100vw, 1748px\" width=\"559\" height=\"397\"   \/><\/a><\/div><\/div>","protected":false},"excerpt":{"rendered":"<p>M\u00e1s de 70.000 manifestantes claman contra la reforma judicial de Benjamin Netanyahu en la protesta m\u00e1s grande en el pa\u00eds en a\u00f1os y ante lo que consideran una amenaza para&hellip; <\/p>\n","protected":false},"author":505,"featured_media":38334,"comment_status":"open","ping_status":"open","sticky":false,"template":"","format":"standard","meta":{"footnotes":""},"categories":[85],"tags":[],"class_list":["post-38333","post","type-post","status-publish","format-standard","has-post-thumbnail","hentry","category-politica"],"_links":{"self":[{"href":"https:\/\/veneportal.com\/noticias\/wp-json\/wp\/v2\/posts\/38333","targetHints":{"allow":["GET"]}}],"collection":[{"href":"https:\/\/veneportal.com\/noticias\/wp-json\/wp\/v2\/posts"}],"about":[{"href":"https:\/\/veneportal.com\/noticias\/wp-json\/wp\/v2\/types\/post"}],"author":[{"embeddable":true,"href":"https:\/\/veneportal.com\/noticias\/wp-json\/wp\/v2\/users\/505"}],"replies":[{"embeddable":true,"href":"https:\/\/veneportal.com\/noticias\/wp-json\/wp\/v2\/comments?post=38333"}],"version-history":[{"count":0,"href":"https:\/\/veneportal.com\/noticias\/wp-json\/wp\/v2\/posts\/38333\/revisions"}],"wp:featuredmedia":[{"embeddable":true,"href":"https:\/\/veneportal.com\/noticias\/wp-json\/wp\/v2\/media\/38334"}],"wp:attachment":[{"href":"https:\/\/veneportal.com\/noticias\/wp-json\/wp\/v2\/media?parent=38333"}],"wp:term":[{"taxonomy":"category","embeddable":true,"href":"https:\/\/veneportal.com\/noticias\/wp-json\/wp\/v2\/categories?post=38333"},{"taxonomy":"post_tag","embeddable":true,"href":"https:\/\/veneportal.com\/noticias\/wp-json\/wp\/v2\/tags?post=38333"}],"curies":[{"name":"wp","href":"https:\/\/api.w.org\/{rel}","templated":true}]}}