{"id":38291,"date":"2023-01-14T00:00:07","date_gmt":"2023-01-14T05:00:07","guid":{"rendered":"https:\/\/veneportal.com\/noticias\/2023\/01\/14\/la-fifa-abre-expediente-disciplinario-a-la-afa-por-la-final-del-mundial\/"},"modified":"2023-01-14T00:00:07","modified_gmt":"2023-01-14T05:00:07","slug":"la-fifa-abre-expediente-disciplinario-a-la-afa-por-la-final-del-mundial","status":"publish","type":"post","link":"https:\/\/veneportal.com\/noticias\/2023\/01\/14\/la-fifa-abre-expediente-disciplinario-a-la-afa-por-la-final-del-mundial\/","title":{"rendered":"La FIFA abre expediente disciplinario a la AFA por la final del Mundial"},"content":{"rendered":"<p>La Federaci\u00f3n Internacional de F\u00fatbol (FIFA) abri\u00f3 expediente disciplinario contra la Asociaci\u00f3n del F\u00fatbol Argentino (AFA) debido a la final del Mundial, ganada ante Francia el 18 de diciembre en Doha.&#8221;La Comisi\u00f3n Disciplinaria de la FIFA ha iniciado un procedimiento contra la Asociaci\u00f3n del F\u00fatbol Argentino debido al posible incumplimiento de los art\u00edculos 11 (Conducta ofensiva y violaciones de los principios del juego limpio) y 12 (Conducta incorrecta de los jugadores y los oficiales) del C\u00f3digo Disciplinario de la FIFA, as\u00ed como el art. 44 del Reglamento de la Copa Mundial de la FIFA Catar 2022 y el Reglamento de Marketing y Medios de Comunicaci\u00f3n de la Copa Mundial de la FIFA Catar 2022 durante la final de la Copa Mundial de la FIFA que enfrent\u00f3 a Argentina y Francia\u00b7, explic\u00f3 la FIFA en su p\u00e1gina web.<\/p>\n<p>El texto no precisa las actitudes concretas que han motivado el expediente, pero los festejos de los jugadores argentinos en aquella final dieron mucho que hablar, especialmente la del arquero Emiliano Mart\u00ednez, que tras recoger el trofeo a mejor arquero del Mundial hizo un gesto obsceno, llev\u00e1ndose el trofeo a su entrepierna. Tambi\u00e9n fue grabado en el vestuario burl\u00e1ndose de la estrella francesa, Kylian Mbapp\u00e9.<\/p>\n<p>La Federaci\u00f3n Francesa de F\u00fatbol (FFF) se quej\u00f3 en aquel momento por el trato a su equipo y a Mbapp\u00e9 tras la derrota gala y el asunto tuvo gran repercusi\u00f3n en el pa\u00eds europeo.<\/p>\n<p>Probable violaci\u00f3n de los art\u00edculos 11, 12, 13 y 16<\/p>\n<p>La FIFA tambi\u00e9n se\u00f1al\u00f3 este viernes la apertura de expediente disciplinario contra la Federaci\u00f3n Croata por &#8220;potenciales violaciones de los art\u00edculos 13 (discriminaci\u00f3n) y 16 (orden y seguridad en los partidos) del C\u00f3digo Disciplinario de la FIFA&#8221;, durante el partido por el tercer puesto del Mundial, ganado por 2-1 a Marruecos.<\/p>\n<p>El comunicado de la FIFA tampoco detalla las actitudes concretas. Durante las celebraciones de la selecci\u00f3n croata se difundieron v\u00eddeos en las redes sociales en los que jugadores de ese equipo entoncan c\u00e1nticos nacionalistas con connotaciones fascistas.<\/p>\n<p>Uno de los jugadores presentes en el v\u00eddeo, el defensa Dejan Lovren, nuevo jugador del Lyon, se defendi\u00f3 de las acusaciones recientemente en declaraciones a la AFP, puntualizando que se trataba de &#8220;una canci\u00f3n patri\u00f3tica&#8221; que simplemente habla de &#8220;amar al pa\u00eds&#8221;.<\/p>\n<p>jov (afp, lanaci\u00f3n)<\/p>\n<div class=\"venep-after-content venep-entity-placement\" id=\"venep-1514510015\"><div id=\"venep-96220235\"><script async src=\"https:\/\/pagead2.googlesyndication.com\/pagead\/js\/adsbygoogle.js?client=ca-pub-5862940809620110\"\r\n     crossorigin=\"anonymous\"><\/script>\r\n<ins class=\"adsbygoogle\"\r\n     style=\"display:block\"\r\n     data-ad-format=\"fluid\"\r\n     data-ad-layout-key=\"-6t+ed+2i-1n-4w\"\r\n     data-ad-client=\"ca-pub-5862940809620110\"\r\n     data-ad-slot=\"7946604715\"><\/ins>\r\n<script>\r\n     (adsbygoogle = window.adsbygoogle || []).push({});\r\n<\/script><\/div><\/div>","protected":false},"excerpt":{"rendered":"<p>La Federaci\u00f3n Internacional de F\u00fatbol (FIFA) abri\u00f3 expediente disciplinario contra la Asociaci\u00f3n del F\u00fatbol Argentino (AFA) debido a la final del Mundial, ganada ante Francia el 18 de diciembre en&hellip; <\/p>\n","protected":false},"author":505,"featured_media":38292,"comment_status":"open","ping_status":"open","sticky":false,"template":"","format":"standard","meta":{"footnotes":""},"categories":[85],"tags":[],"class_list":["post-38291","post","type-post","status-publish","format-standard","has-post-thumbnail","hentry","category-politica"],"_links":{"self":[{"href":"https:\/\/veneportal.com\/noticias\/wp-json\/wp\/v2\/posts\/38291","targetHints":{"allow":["GET"]}}],"collection":[{"href":"https:\/\/veneportal.com\/noticias\/wp-json\/wp\/v2\/posts"}],"about":[{"href":"https:\/\/veneportal.com\/noticias\/wp-json\/wp\/v2\/types\/post"}],"author":[{"embeddable":true,"href":"https:\/\/veneportal.com\/noticias\/wp-json\/wp\/v2\/users\/505"}],"replies":[{"embeddable":true,"href":"https:\/\/veneportal.com\/noticias\/wp-json\/wp\/v2\/comments?post=38291"}],"version-history":[{"count":0,"href":"https:\/\/veneportal.com\/noticias\/wp-json\/wp\/v2\/posts\/38291\/revisions"}],"wp:featuredmedia":[{"embeddable":true,"href":"https:\/\/veneportal.com\/noticias\/wp-json\/wp\/v2\/media\/38292"}],"wp:attachment":[{"href":"https:\/\/veneportal.com\/noticias\/wp-json\/wp\/v2\/media?parent=38291"}],"wp:term":[{"taxonomy":"category","embeddable":true,"href":"https:\/\/veneportal.com\/noticias\/wp-json\/wp\/v2\/categories?post=38291"},{"taxonomy":"post_tag","embeddable":true,"href":"https:\/\/veneportal.com\/noticias\/wp-json\/wp\/v2\/tags?post=38291"}],"curies":[{"name":"wp","href":"https:\/\/api.w.org\/{rel}","templated":true}]}}