{"id":38209,"date":"2023-01-13T00:02:05","date_gmt":"2023-01-13T05:02:05","guid":{"rendered":"https:\/\/veneportal.com\/noticias\/2023\/01\/13\/como-funciona-la-lista-negra-de-terroristas-de-la-union-europea\/"},"modified":"2023-01-13T00:02:05","modified_gmt":"2023-01-13T05:02:05","slug":"como-funciona-la-lista-negra-de-terroristas-de-la-union-europea","status":"publish","type":"post","link":"https:\/\/veneportal.com\/noticias\/2023\/01\/13\/como-funciona-la-lista-negra-de-terroristas-de-la-union-europea\/","title":{"rendered":"\u00bfC\u00f3mo funciona la lista negra de terroristas de la Uni\u00f3n Europea?"},"content":{"rendered":"<p>El inventario de terroristas del bloque podr\u00eda incluir pronto a la Guardia Revolucionaria iran\u00ed. En la lista hay actualmente 13 personas y 21 organizaciones.Tras la ejecuci\u00f3n de al menos cuatro manifestantes opositores al r\u00e9gimen, Alemania y Francia est\u00e1n considerando la posibilidad de calificar como grupo terrorista a la unidad \u00e9lite del Ej\u00e9rcito iran\u00ed, los Cuerpos de la Guardia Revolucionaria Isl\u00e1mica. Es probable que estos pa\u00edses tomen la decisi\u00f3n en conjunto con otros miembros de la Uni\u00f3n Europea (UE), en el marco de una pol\u00edtica de seguridad com\u00fan.<\/p>\n<p>Tanya Mehra, del Centro Internacional Contra el Terrorismo, afirma que la decisi\u00f3n podr\u00eda tomarse el 23 de enero, cuando se re\u00fana el Consejo de Asuntos Exteriores del bloque.<\/p>\n<p>\u00bfEn qu\u00e9 consiste la lista?<\/p>\n<p>El inventario de terroristas de la UE apareci\u00f3 en diciembre de 2001, tras los atentados del 11 de septiembre en EE. UU. Se cre\u00f3 como documento de apoyo a una Resoluci\u00f3n del Consejo de Seguridad de la ONU y tiene por objetivo restringir las finanzas y movimientos de los terroristas y sus patrocinadores.<\/p>\n<p>La lista negra de la UE, que actualmente tiene a 13 personas y 21 organizaciones, se revisa y actualiza cada seis meses. La inclusion de un grupo o una persona hace que sus bienes y activos dentro de la UE queden congelados. Tambi\u00e9n se proh\u00edbe a los ciudadanos y organizaciones de la UE financiar o ayudar a quienes figuran en la lista.<\/p>\n<p>\u00bfC\u00f3mo se suman nombres?<\/p>\n<p>Una persona o un grupo pueden ser incluidos si han sido investigados o procesados por actos de terrorismo o intento de cometerlos. Incluso, pueden ser agregados si sus acciones a\u00fan no han producido investigaciones, pero la UE las califica como actos terroristas.<\/p>\n<p>La propuesta de inclusi\u00f3n y su respectiva exposici\u00f3n de motivos es presentada por Estados miembros \u2014o terceros Estados no miembros\u2014 al Grupo de Trabajo sobre Medidas Restrictivas de Lucha contra el Terrorismo (COMET). Y el COMET remite los casos que califica de procedentes al Consejo Europeo, del que hacen parte los Jefes de Gobierno de la UE, adem\u00e1s de la cabeza de la Comisi\u00f3n, Ursula von der Leyen, y el presidente del Consejo, actualmente el exprimer ministro belga Charles Michel.<\/p>\n<p>\u00bfQui\u00e9n figura en el inventario?<\/p>\n<p>Al Qaeda y sus ramificaciones, as\u00ed como el autodenominado Estado Isl\u00e1mico (EI) y sus afiliados, est\u00e1n incluidos en la lista negra. Tambi\u00e9n est\u00e1n el grupo militante islamista palestino Ham\u00e1s y otros grupos revolucionarios separatistas como Hezbol\u00e1 (ala militar), el Partido de los Trabajadores de Kurdist\u00e1n (PKK), los Tigres de Liberaci\u00f3n del Eelam Tamil, el Ej\u00e9rcito de Liberaci\u00f3n Nacional (ELN) de Colombia y el Partido Comunista de Filipinas.<\/p>\n<p>Aunque ya hay miembros de la Guardia Revolucionaria en la lista, la inclusion del organismo ser\u00eda un hecho sin precedentes en el bloque. Ser\u00eda la primera vez que la UE incluye al Ej\u00e9rcito de un pa\u00eds soberano en la lista de grupos terroristas.<\/p>\n<p>Tanya Mehra afirma que la decisi\u00f3n supondr\u00eda la mera repetici\u00f3n de sanciones ya impuestas a Ir\u00e1ny que las personas reclutadas para el servicio militar obligatorio podr\u00edan verse injustamente afectadas. Pero, a\u00f1ade, que la designaci\u00f3n especial de la Guardia &#8220;es simb\u00f3lica y env\u00eda un mensaje firme a Ir\u00e1n&#8221;, aunque pueda paralizar las conversaciones diplom\u00e1ticas.<\/p>\n<p>\u00bfSe puede eliminar de la lista a grupos o personas?<\/p>\n<p>S\u00ed. Los Estados miembros o no miembros pueden elevar una propuesta de exclusi\u00f3n. Las FARC, grupo guerrillero colombiano, fue sacado de la lista en 2016, tras firmar un acuerdo de paz con el Gobierno.<\/p>\n<p>Las personas o grupos en el inventario pueden tambi\u00e9n demandar a la UE para impugnar su inclusi\u00f3n. Por ejemplo, Ham\u00e1s present\u00f3 un recurso en 2014, alegando ser un movimiento de resistencia leg\u00edtimo. El Tribunal General de la UE acept\u00f3 la impugnaci\u00f3n argumentando que la inclusion de Ham\u00e1s se basaba en informes de medios de comunicaci\u00f3n y no en investigaciones reales. Pero esa decisi\u00f3n fue anulada en 2017 por el Tribunal de Justicia de la Uni\u00f3n Europea, la m\u00e1xima instancia judicial del bloque. (vo\/rml)<\/p>\n<div class=\"venep-after-content venep-entity-placement\" id=\"venep-3394755820\"><div id=\"venep-1191248866\"><a href=\"https:\/\/veneportal.com\/como-aparecer-en-google\/\" aria-label=\"attention-attention (1)\"><img src=\"https:\/\/veneportal.com\/noticias\/wp-content\/uploads\/sites\/2\/2021\/03\/attention-attention-1.png\" alt=\"\"  srcset=\"https:\/\/veneportal.com\/noticias\/wp-content\/uploads\/sites\/2\/2021\/03\/attention-attention-1.png 1747w, https:\/\/veneportal.com\/noticias\/wp-content\/uploads\/sites\/2\/2021\/03\/attention-attention-1-300x213.png 300w, https:\/\/veneportal.com\/noticias\/wp-content\/uploads\/sites\/2\/2021\/03\/attention-attention-1-1024x727.png 1024w, https:\/\/veneportal.com\/noticias\/wp-content\/uploads\/sites\/2\/2021\/03\/attention-attention-1-768x545.png 768w, https:\/\/veneportal.com\/noticias\/wp-content\/uploads\/sites\/2\/2021\/03\/attention-attention-1-1536x1090.png 1536w, https:\/\/veneportal.com\/noticias\/wp-content\/uploads\/sites\/2\/2021\/03\/attention-attention-1-600x426.png 600w\" sizes=\"(max-width: 1747px) 100vw, 1747px\" width=\"600\" height=\"400\"   \/><\/a><\/div><\/div>","protected":false},"excerpt":{"rendered":"<p>El inventario de terroristas del bloque podr\u00eda incluir pronto a la Guardia Revolucionaria iran\u00ed. En la lista hay actualmente 13 personas y 21 organizaciones.Tras la ejecuci\u00f3n de al menos cuatro&hellip; <\/p>\n","protected":false},"author":505,"featured_media":38210,"comment_status":"open","ping_status":"open","sticky":false,"template":"","format":"standard","meta":{"footnotes":""},"categories":[85],"tags":[],"class_list":["post-38209","post","type-post","status-publish","format-standard","has-post-thumbnail","hentry","category-politica"],"_links":{"self":[{"href":"https:\/\/veneportal.com\/noticias\/wp-json\/wp\/v2\/posts\/38209","targetHints":{"allow":["GET"]}}],"collection":[{"href":"https:\/\/veneportal.com\/noticias\/wp-json\/wp\/v2\/posts"}],"about":[{"href":"https:\/\/veneportal.com\/noticias\/wp-json\/wp\/v2\/types\/post"}],"author":[{"embeddable":true,"href":"https:\/\/veneportal.com\/noticias\/wp-json\/wp\/v2\/users\/505"}],"replies":[{"embeddable":true,"href":"https:\/\/veneportal.com\/noticias\/wp-json\/wp\/v2\/comments?post=38209"}],"version-history":[{"count":0,"href":"https:\/\/veneportal.com\/noticias\/wp-json\/wp\/v2\/posts\/38209\/revisions"}],"wp:featuredmedia":[{"embeddable":true,"href":"https:\/\/veneportal.com\/noticias\/wp-json\/wp\/v2\/media\/38210"}],"wp:attachment":[{"href":"https:\/\/veneportal.com\/noticias\/wp-json\/wp\/v2\/media?parent=38209"}],"wp:term":[{"taxonomy":"category","embeddable":true,"href":"https:\/\/veneportal.com\/noticias\/wp-json\/wp\/v2\/categories?post=38209"},{"taxonomy":"post_tag","embeddable":true,"href":"https:\/\/veneportal.com\/noticias\/wp-json\/wp\/v2\/tags?post=38209"}],"curies":[{"name":"wp","href":"https:\/\/api.w.org\/{rel}","templated":true}]}}