{"id":38206,"date":"2023-01-13T00:02:05","date_gmt":"2023-01-13T05:02:05","guid":{"rendered":"https:\/\/veneportal.com\/noticias\/2023\/01\/13\/espana-los-pandilleros-y-las-redes-del-narcotrafico-a-veces-la-mano-dura-produce-el-efecto-contrario\/"},"modified":"2023-01-13T00:02:05","modified_gmt":"2023-01-13T05:02:05","slug":"espana-los-pandilleros-y-las-redes-del-narcotrafico-a-veces-la-mano-dura-produce-el-efecto-contrario","status":"publish","type":"post","link":"https:\/\/veneportal.com\/noticias\/2023\/01\/13\/espana-los-pandilleros-y-las-redes-del-narcotrafico-a-veces-la-mano-dura-produce-el-efecto-contrario\/","title":{"rendered":"Espa\u00f1a, los pandilleros y las redes del narcotr\u00e1fico: &#8220;a veces la mano dura produce el efecto contrario&#8221;"},"content":{"rendered":"<p>En Espa\u00f1a, las bandas juveniles tienen cada vez m\u00e1s repercusi\u00f3n medi\u00e1tica, con la consecuente alarma social. Pero \u00bfse relacionan de alguna manera con el narcotr\u00e1fico, el mayor problema delincuencial del pa\u00eds?\u00bfHay cada vez m\u00e1s pandilleros en Espa\u00f1a? Los n\u00fameros var\u00edan seg\u00fan las fuentes, pero lo que s\u00ed hay es m\u00e1s ruido medi\u00e1tico alrededor de las bandas juveniles.  Eso no quiere necesariamente decir que est\u00e9 en aumento el fen\u00f3meno que tuvo su origen en Estados Unidos y Latinoam\u00e9rica, pero que en Espa\u00f1a ya no tiene nacionalidad.<\/p>\n<p>Los miembros de las bandas son j\u00f3venes de entornos urbanos, vinculados con estructuras que defienden un territorio y apuntalan su identidad, a la vez que promueven unas conductas determinadas. Marginalidad, venganza y criminalidad son t\u00e9rminos que asociamos tradicionalmente con las bandas, tambi\u00e9n llamadas maras, gangs, clicas o pandillas. La violencia entre pandilleros tiene resultados dram\u00e1ticos para sus miembros y provoca gran repercusi\u00f3n medi\u00e1tica y una enorme alarma social. <\/p>\n<p>El narcotr\u00e1fico, problema delincuencial n\u00famero uno<\/p>\n<p>\u00bfEs tan fiero el le\u00f3n como lo pintan? En realidad, el problema delincuencial n\u00famero uno en Espa\u00f1a es el narcotr\u00e1fico, y aqu\u00ed s\u00ed hay cifras oficiales, las del Ministerio del Interior, que demuestran que es un fen\u00f3meno en claro aumento.<\/p>\n<p>&#8220;Espa\u00f1a es el pa\u00eds, junto con Holanda y B\u00e9lgica, donde m\u00e1s droga se mueve, la puerta de entrada del hach\u00eds en Europa, y una de las puertas de entrada de la coca\u00edna con dos puntos principales&#8221; , dice a DW Nacho Carretero, autor del libro Fari\u00f1a: Historia e indiscreciones del narcotr\u00e1fico en Galicia.<\/p>\n<p>Carretero explica que esos puntos son Galicia, con una largu\u00edsima tradici\u00f3n de introducci\u00f3n de coca\u00edna, y Andaluc\u00eda, en especial la zona del Estrecho de Gibraltar, por donde entra una enorme cantidad de coca\u00edna, especialmente por el puerto de Algeciras, y hach\u00eds, desde Marruecos. <\/p>\n<p>El enclave geogr\u00e1fico, el clima y las extensas colonias de europeos residentes convierten a Espa\u00f1a en el lugar perfecto para las organizaciones criminales dedicadas al narcotr\u00e1fico. &#8220;Se trata de estructuras de narcos y narcotransportistas, tanto locales \u2014gallegos y andaluces\u2014, como bandas de todo el mundo instaladas en Espa\u00f1a: rusos, italianos, serbios, bandas magreb\u00edes de Holanda y B\u00e9lgica, bandas inglesas, mafia irlandesa\u2026. Todos est\u00e1n aqu\u00ed, y se dedican al tr\u00e1fico de droga&#8221;, prosigue Nacho Carretero.<\/p>\n<p>Posible menudeo, pero no tr\u00e1fico a gran escala<\/p>\n<p>\u00bfEncajan las pandillas en estas redes? \u00bfTienen algo que ver las bandas juveniles con el narcotr\u00e1fico?  &#8220;A d\u00eda de hoy, no hay evidencias de una conexi\u00f3n estructural entre bandas juveniles y narcotr\u00e1fico en Espa\u00f1a, m\u00e1s all\u00e1 de alg\u00fan caso particular o individual&#8221;, asegura el antrop\u00f3logo Carles Feixa, experto en pandillas.<\/p>\n<p>Nacho Carretero coincide con \u00e9l, y agrega que, aunque &#8220;estas bandas acaban menudeando y trapicheando en la calle lo que las redes de narcotraficantes introducen en Espa\u00f1a, no son un brazo log\u00edstico de estos grupos, como pudiera suceder en Latinoam\u00e9rica y, ni mucho menos, son bandas mafiosas que se estructuran como los propios narcos, como puede pasar en Centroam\u00e9rica&#8221;. <\/p>\n<p>La mano dura puede ser contraproducente<\/p>\n<p>Sin embargo, lo que hoy todav\u00eda es un problema delincuencial relativamente menor, puede empeorar en los pr\u00f3ximos a\u00f1os. Y el narcotr\u00e1fico no est\u00e1 tan lejos de las pandillas, sobre todo despu\u00e9s de las detenciones masivas de los \u00faltimos meses en Madrid, cifradas en m\u00e1s de 1.500 por el Ministerio del Interior.<\/p>\n<p>As\u00ed lo advierte el antrop\u00f3logo Carles Feixa: &#8220;Todos sabemos que la c\u00e1rcel es la universidad de la criminalidad organizada. Poner a tantos j\u00f3venes en contacto con delincuentes profesionales y cerrarles otras puertas de inclusi\u00f3n social y laboral puede generar un vinculo m\u00e1s estrecho entre bandas y narcotr\u00e1fico. Es lo que pas\u00f3 en Estados Unidos en los a\u00f1os de 1970 y en Ecuador en la \u00faltima d\u00e9cada. Por supuesto, nunca se llegar\u00e1 a esos extremos, pero a veces la &#8216;mano dura&#8217; produce el efecto contrario del que persigue&#8221;.<\/p>\n<p>(rml)<\/p>\n<div class=\"venep-after-content venep-entity-placement\" id=\"venep-2984853780\"><div id=\"venep-1726754613\"><script async src=\"https:\/\/pagead2.googlesyndication.com\/pagead\/js\/adsbygoogle.js?client=ca-pub-5862940809620110\"\r\n     crossorigin=\"anonymous\"><\/script>\r\n<ins class=\"adsbygoogle\"\r\n     style=\"display:block\"\r\n     data-ad-format=\"fluid\"\r\n     data-ad-layout-key=\"-6t+ed+2i-1n-4w\"\r\n     data-ad-client=\"ca-pub-5862940809620110\"\r\n     data-ad-slot=\"7946604715\"><\/ins>\r\n<script>\r\n     (adsbygoogle = window.adsbygoogle || []).push({});\r\n<\/script><\/div><\/div>","protected":false},"excerpt":{"rendered":"<p>En Espa\u00f1a, las bandas juveniles tienen cada vez m\u00e1s repercusi\u00f3n medi\u00e1tica, con la consecuente alarma social. Pero \u00bfse relacionan de alguna manera con el narcotr\u00e1fico, el mayor problema delincuencial del&hellip; <\/p>\n","protected":false},"author":505,"featured_media":38207,"comment_status":"open","ping_status":"open","sticky":false,"template":"","format":"standard","meta":{"footnotes":""},"categories":[85],"tags":[],"class_list":["post-38206","post","type-post","status-publish","format-standard","has-post-thumbnail","hentry","category-politica"],"_links":{"self":[{"href":"https:\/\/veneportal.com\/noticias\/wp-json\/wp\/v2\/posts\/38206","targetHints":{"allow":["GET"]}}],"collection":[{"href":"https:\/\/veneportal.com\/noticias\/wp-json\/wp\/v2\/posts"}],"about":[{"href":"https:\/\/veneportal.com\/noticias\/wp-json\/wp\/v2\/types\/post"}],"author":[{"embeddable":true,"href":"https:\/\/veneportal.com\/noticias\/wp-json\/wp\/v2\/users\/505"}],"replies":[{"embeddable":true,"href":"https:\/\/veneportal.com\/noticias\/wp-json\/wp\/v2\/comments?post=38206"}],"version-history":[{"count":0,"href":"https:\/\/veneportal.com\/noticias\/wp-json\/wp\/v2\/posts\/38206\/revisions"}],"wp:featuredmedia":[{"embeddable":true,"href":"https:\/\/veneportal.com\/noticias\/wp-json\/wp\/v2\/media\/38207"}],"wp:attachment":[{"href":"https:\/\/veneportal.com\/noticias\/wp-json\/wp\/v2\/media?parent=38206"}],"wp:term":[{"taxonomy":"category","embeddable":true,"href":"https:\/\/veneportal.com\/noticias\/wp-json\/wp\/v2\/categories?post=38206"},{"taxonomy":"post_tag","embeddable":true,"href":"https:\/\/veneportal.com\/noticias\/wp-json\/wp\/v2\/tags?post=38206"}],"curies":[{"name":"wp","href":"https:\/\/api.w.org\/{rel}","templated":true}]}}