{"id":38185,"date":"2023-01-12T18:00:04","date_gmt":"2023-01-12T23:00:04","guid":{"rendered":"https:\/\/veneportal.com\/noticias\/2023\/01\/12\/peru-que-hay-detras-de-las-acusaciones-por-genocidio-contra-dina-boluarte\/"},"modified":"2023-01-12T18:00:04","modified_gmt":"2023-01-12T23:00:04","slug":"peru-que-hay-detras-de-las-acusaciones-por-genocidio-contra-dina-boluarte","status":"publish","type":"post","link":"https:\/\/veneportal.com\/noticias\/2023\/01\/12\/peru-que-hay-detras-de-las-acusaciones-por-genocidio-contra-dina-boluarte\/","title":{"rendered":"Per\u00fa: \u00bfqu\u00e9 hay detr\u00e1s de las acusaciones por genocidio contra Dina Boluarte?"},"content":{"rendered":"<p>Defensores de derechos humanos miran con preocupaci\u00f3n hacia Per\u00fa, por la incesante violencia durante las protestas. Mientras, la Fiscal\u00eda Nacional investiga a la presidenta por presunto genocidio y otros cr\u00edmenes.Un mes tras el inicio de las protestas contra Dina Boluarte en Per\u00fa, la escalada de violencia no amaina y el n\u00famero de fallecidos asciende a 47. Tambi\u00e9n la preocupaci\u00f3n por la salvaguardia de los derechos humanos crece, de tal forma, que el Secretario General de la ONU, Ant\u00f3nio Guterres, inst\u00f3 este mi\u00e9rcoles (12.01.2023)  a las autoridades a garantizar el respeto a los derechos humanos y a velar por que se lleve a cabo una investigaci\u00f3n de los cr\u00edmenes. El mismo d\u00eda, una delegaci\u00f3n de la Comisi\u00f3n Interamericana de Derechos Humanos aterriz\u00f3 en Per\u00fa para verificar la situaci\u00f3n.<\/p>\n<p>Miguel Levano, Coordinador de Programas y Alianzas de Oxfam Per\u00fa, expres\u00f3 a DW su preocupaci\u00f3n por la &#8220;intervenci\u00f3n y represi\u00f3n desmesurada&#8221; por parte de la Polic\u00eda, una &#8220;represi\u00f3n sin justificaci\u00f3n legal&#8221;. Levano comenta que no se est\u00e1n cumpliendo &#8220;las limitaciones para el uso de armas letales que establecen las normas nacionales e internacionales&#8221;.<\/p>\n<p>Falta de respuesta de las autoridades<\/p>\n<p>El experto a\u00f1ade a esto la falta de respuesta de las autoridades, que en vez de reconocer la mala gesti\u00f3n de su intervenci\u00f3n, toma una narrativa defensiva, justificadora e &#8220;inclusive discriminatoria, porque est\u00e1 indicando que la gente que sale a protestar son v\u00e1ndalos, terroristas&#8221;.<\/p>\n<p>&#8220;En paz y orden todo se puede lograr, en mitad de la violencia y el caos se complica m\u00e1s, se hace dif\u00edcil&#8221;, hab\u00eda dicho Boluarte este lunes (09.01.2023) en un evento. Tambi\u00e9n el primer ministro Alberto Ot\u00e1rola, durante una rueda de prensa, culp\u00f3 al expresidente Castillo y a sus aliados, afirmando que ellos hab\u00edan incitado a la violencia. &#8220;Ellos son los responsables&#8221;, dijo, &#8220;y no nuestros polic\u00edas&#8221;.<\/p>\n<p>Violaci\u00f3n sistem\u00e1tica de derechos<\/p>\n<p>&#8220;Lo que nos queda claro en estos momentos es que no estamos ante decisiones personales de los mandos policiales y militares, sino que estamos ante una pol\u00edtica de Estado&#8221;, asegura Mar P\u00e9rez, responsable de la unidad de defensores de la Coordinadora Nacional de Derechos Humanos, una coalici\u00f3n que agrupa a 78 organizaciones.<\/p>\n<p>Uno de los principales indicios de la violaci\u00f3n sistem\u00e1tica de los derechos humanos, seg\u00fan la experta, es la declaratoria del estado de emergencia a nivel nacional. &#8220;La suspensi\u00f3n de derechos siempre deber\u00eda ser una medida muy excepcional y muy restringida, en todo caso a espacios geogr\u00e1ficos donde hay una conflictividad social muy \u00e1lgida&#8221;, explica P\u00e9rez.<\/p>\n<p>Investigaci\u00f3n por genocidio: \u00bfcortina de humo?<\/p>\n<p>La Fiscal\u00eda de la Naci\u00f3n de Per\u00fa ha tomado medidas y ha abierto este martes una investigaci\u00f3n preliminar a la presidenta Dina Boluarte, tres ministros y dos exministros, por distintos delitos, entre ellos, el genocidio, homicidio calificado y lesiones graves.<\/p>\n<p>En opini\u00f3n de P\u00e9rez, mientras s\u00ed se puede hablar de delitos de lesa humanidad y graves violaciones de derecho, la acusaci\u00f3n de genocidio &#8220;no se sostiene t\u00e9cnicamente, porque el genocidio implica una serie de ataques contra la poblaci\u00f3n que buscan eliminar a un determinado grupo&#8221;.<\/p>\n<p>La idea, de que la Fiscal\u00eda presente una acusaci\u00f3n insostenible por falta de rigor t\u00e9cnico, le parece inveros\u00edmil. A la experta le preocupa que pueda tratarse de una cortina de humo, &#8220;construyendo intencionalmente una acusaci\u00f3n que no tiene fundamento y que pueda despu\u00e9s rebotar en el Congreso&#8221;.<\/p>\n<p>Querda por ver, si esta preocupaci\u00f3n se hace realidad, pero para Mar P\u00e9rez &#8220;lo \u00fanico que puede traer la paz social al Per\u00fa es la renuncia de Dina Boluarte y el adelanto de elecciones&#8221;. (rml)<\/p>\n<div class=\"venep-after-content venep-entity-placement\" id=\"venep-134423394\"><div id=\"venep-1703586961\"><a href=\"https:\/\/veneportal.com\/clasificados\/listing\/ary-b-ilustraciones\/\" aria-label=\"ari b ilustraciones\"><img src=\"https:\/\/veneportal.com\/noticias\/wp-content\/uploads\/sites\/2\/2021\/07\/4.png\" alt=\"ari b ilustraciones\"  width=\"300\" height=\"250\"   \/><\/a><\/div><\/div>","protected":false},"excerpt":{"rendered":"<p>Defensores de derechos humanos miran con preocupaci\u00f3n hacia Per\u00fa, por la incesante violencia durante las protestas. Mientras, la Fiscal\u00eda Nacional investiga a la presidenta por presunto genocidio y otros cr\u00edmenes.Un&hellip; <\/p>\n","protected":false},"author":505,"featured_media":38186,"comment_status":"open","ping_status":"open","sticky":false,"template":"","format":"standard","meta":{"footnotes":""},"categories":[81],"tags":[],"class_list":["post-38185","post","type-post","status-publish","format-standard","has-post-thumbnail","hentry","category-actualidad"],"_links":{"self":[{"href":"https:\/\/veneportal.com\/noticias\/wp-json\/wp\/v2\/posts\/38185","targetHints":{"allow":["GET"]}}],"collection":[{"href":"https:\/\/veneportal.com\/noticias\/wp-json\/wp\/v2\/posts"}],"about":[{"href":"https:\/\/veneportal.com\/noticias\/wp-json\/wp\/v2\/types\/post"}],"author":[{"embeddable":true,"href":"https:\/\/veneportal.com\/noticias\/wp-json\/wp\/v2\/users\/505"}],"replies":[{"embeddable":true,"href":"https:\/\/veneportal.com\/noticias\/wp-json\/wp\/v2\/comments?post=38185"}],"version-history":[{"count":0,"href":"https:\/\/veneportal.com\/noticias\/wp-json\/wp\/v2\/posts\/38185\/revisions"}],"wp:featuredmedia":[{"embeddable":true,"href":"https:\/\/veneportal.com\/noticias\/wp-json\/wp\/v2\/media\/38186"}],"wp:attachment":[{"href":"https:\/\/veneportal.com\/noticias\/wp-json\/wp\/v2\/media?parent=38185"}],"wp:term":[{"taxonomy":"category","embeddable":true,"href":"https:\/\/veneportal.com\/noticias\/wp-json\/wp\/v2\/categories?post=38185"},{"taxonomy":"post_tag","embeddable":true,"href":"https:\/\/veneportal.com\/noticias\/wp-json\/wp\/v2\/tags?post=38185"}],"curies":[{"name":"wp","href":"https:\/\/api.w.org\/{rel}","templated":true}]}}