{"id":38011,"date":"2023-01-10T18:02:03","date_gmt":"2023-01-10T23:02:03","guid":{"rendered":"https:\/\/veneportal.com\/noticias\/2023\/01\/10\/desactivan-atentado-con-explosivos-contra-la-vicepresidenta-de-colombia-francia-marquez\/"},"modified":"2023-01-10T18:02:03","modified_gmt":"2023-01-10T23:02:03","slug":"desactivan-atentado-con-explosivos-contra-la-vicepresidenta-de-colombia-francia-marquez","status":"publish","type":"post","link":"https:\/\/veneportal.com\/noticias\/2023\/01\/10\/desactivan-atentado-con-explosivos-contra-la-vicepresidenta-de-colombia-francia-marquez\/","title":{"rendered":"Desactivan atentado con explosivos contra la vicepresidenta de Colombia, Francia M\u00e1rquez"},"content":{"rendered":"<p>Francia M\u00e1rquez denunci\u00f3 un plan para atentar contra su vida con un artefacto explosivo que fue desactivado por su esquema de seguridad.&#8221;Integrantes de mi equipo de seguridad hallaron un artefacto con m\u00e1s de 7 kilos de material explosivo en la v\u00eda que conduce a mi residencia familiar&#8221;, en el suroeste del pa\u00eds, denunci\u00f3 Francia M\u00e1rquez, primera afrodescendiente en la vicepresidencia, en su cuenta de Twitter. El artefacto &#8220;fue destruido de manera controlada por personal anti explosivos de la polic\u00eda&#8221; agreg\u00f3 la vicepresidenta, quien describi\u00f3 el hecho como &#8220;un nuevo intento de atentar&#8221; contra su vida.<\/p>\n<p>En 2019, antes de asumir el cargo, fue atacada con granadas y r\u00e1fagas de fusil por su labor como activista ambiental en el departamento de Cauca, donde a\u00fan reside y fue plantado el artefacto desactivado esta ma\u00f1ana.<\/p>\n<p>Nitrato de amonio, aluminio en polvo y clavos de metal<\/p>\n<p>&#8220;Se trata de una bolsa pl\u00e1stica cuyo interior contiene sustancia explosiva del alto poder a base de nitrato de amonio, aluminio en polvo y (&#8230;) puntillas&#8221;, detalla un informe del esquema seguridad de la vicepresidencia divulgado por M\u00e1rquez.<\/p>\n<p>Los escoltas descubrieron los explosivos tras ser alertados sobre &#8220;personas sospechosas&#8221; y &#8220;elementos extra\u00f1os&#8221; en la v\u00eda que conduce a la vereda de Yolomb\u00f3, en el municipio de Su\u00e1rez, donde estaba prevista una visita de la vicepresidenta.<\/p>\n<p>&#8220;Por las caracter\u00edsticas y ubicaci\u00f3n del artefacto (&#8230;) se trata de un evidente atentado contra de la se\u00f1ora vicepresidenta&#8221;, precisa el parte oficial, que no da informaci\u00f3n sobre los posibles autores del plan. Junto al presidente, Gustavo Petro, M\u00e1rquez integra el primer gobierno de izquierda en la historia de Colombia, que busca desactivar el conflicto armado de seis d\u00e9cadas negociando con una amalgama de grupos armados que siguen operando tras el acuerdo que desarm\u00f3 la poderosa guerrilla FARC en 2017. <\/p>\n<p>&#8220;Condenamos el que se haya querido atentar contra la vida de la Vicepresidenta (..) una defensora de derechos humanos reconocida, v\u00edctima de varios ataques por su labor&#8221;, expres\u00f3 en Twitter la Representante en Colombia del Alto Comisionado de la ONU para los Derechos Humanos, Juliette de Rivero.<\/p>\n<p>A finales de mayo del a\u00f1o pasado, en v\u00edsperas de la primera vuelta presidencial, la entonces candidata fue se\u00f1alada con un l\u00e1ser durante un acto p\u00fablico de campa\u00f1a y su equipo de seguridad salt\u00f3 a la tarima para rodearla con escudos blindados.<\/p>\n<p>Ataques con l\u00e1ser y disparos contra el auto<\/p>\n<p>Un joven de 18 a\u00f1os se entreg\u00f3 a las autoridades y explic\u00f3 que le apunt\u00f3 a M\u00e1rquez con un l\u00e1ser que compr\u00f3 en Internet. En agosto, pocos d\u00edas despu\u00e9s de que Petro asumiera el poder, un veh\u00edculo de la avanzada presidencial fue atacado con disparos mientras se desplazaba por una carretera en el noreste del pa\u00eds.<\/p>\n<p>La vicepresidenta tambi\u00e9n ha recibido una cascada de insultos racistas  desde que asumi\u00f3 el cargo. En septiembre del a\u00f1o pasado la fiscal\u00eda abri\u00f3 una investigaci\u00f3n a una mujer que llam\u00f3 a M\u00e1rquez &#8220;simio&#8221; durante una manifestaci\u00f3n de opositores.<\/p>\n<p>Nacida en una familia pobre, M\u00e1rquez fue madre soltera a los 16 a\u00f1os, huy\u00f3 de su tierra amenazada de muerte y estudi\u00f3 Derecho antes de abrirse paso en la pol\u00edtica.<\/p>\n<p>jov (afp, elpa\u00eds)<\/p>\n<div class=\"venep-after-content venep-entity-placement\" id=\"venep-2121454255\"><div id=\"venep-2849246273\"><a href=\"https:\/\/veneportal.com\/precios-publicidad-para-mi-negocio\/#premium\" aria-label=\"300&#215;250 Banners your door to the hispanic market\"><img src=\"https:\/\/veneportal.com\/noticias\/wp-content\/uploads\/sites\/2\/2021\/03\/300x250-Banners-your-door-to-the-hispanic-market.png\" alt=\"\"  srcset=\"https:\/\/veneportal.com\/noticias\/wp-content\/uploads\/sites\/2\/2021\/03\/300x250-Banners-your-door-to-the-hispanic-market.png 900w, https:\/\/veneportal.com\/noticias\/wp-content\/uploads\/sites\/2\/2021\/03\/300x250-Banners-your-door-to-the-hispanic-market-300x250.png 300w, https:\/\/veneportal.com\/noticias\/wp-content\/uploads\/sites\/2\/2021\/03\/300x250-Banners-your-door-to-the-hispanic-market-768x640.png 768w, https:\/\/veneportal.com\/noticias\/wp-content\/uploads\/sites\/2\/2021\/03\/300x250-Banners-your-door-to-the-hispanic-market-600x500.png 600w\" sizes=\"(max-width: 900px) 100vw, 900px\" width=\"600\" height=\"400\"   \/><\/a><\/div><\/div>","protected":false},"excerpt":{"rendered":"<p>Francia M\u00e1rquez denunci\u00f3 un plan para atentar contra su vida con un artefacto explosivo que fue desactivado por su esquema de seguridad.&#8221;Integrantes de mi equipo de seguridad hallaron un artefacto&hellip; <\/p>\n","protected":false},"author":505,"featured_media":36959,"comment_status":"open","ping_status":"open","sticky":false,"template":"","format":"standard","meta":{"footnotes":""},"categories":[81],"tags":[],"class_list":["post-38011","post","type-post","status-publish","format-standard","has-post-thumbnail","hentry","category-actualidad"],"_links":{"self":[{"href":"https:\/\/veneportal.com\/noticias\/wp-json\/wp\/v2\/posts\/38011","targetHints":{"allow":["GET"]}}],"collection":[{"href":"https:\/\/veneportal.com\/noticias\/wp-json\/wp\/v2\/posts"}],"about":[{"href":"https:\/\/veneportal.com\/noticias\/wp-json\/wp\/v2\/types\/post"}],"author":[{"embeddable":true,"href":"https:\/\/veneportal.com\/noticias\/wp-json\/wp\/v2\/users\/505"}],"replies":[{"embeddable":true,"href":"https:\/\/veneportal.com\/noticias\/wp-json\/wp\/v2\/comments?post=38011"}],"version-history":[{"count":0,"href":"https:\/\/veneportal.com\/noticias\/wp-json\/wp\/v2\/posts\/38011\/revisions"}],"wp:featuredmedia":[{"embeddable":true,"href":"https:\/\/veneportal.com\/noticias\/wp-json\/wp\/v2\/media\/36959"}],"wp:attachment":[{"href":"https:\/\/veneportal.com\/noticias\/wp-json\/wp\/v2\/media?parent=38011"}],"wp:term":[{"taxonomy":"category","embeddable":true,"href":"https:\/\/veneportal.com\/noticias\/wp-json\/wp\/v2\/categories?post=38011"},{"taxonomy":"post_tag","embeddable":true,"href":"https:\/\/veneportal.com\/noticias\/wp-json\/wp\/v2\/tags?post=38011"}],"curies":[{"name":"wp","href":"https:\/\/api.w.org\/{rel}","templated":true}]}}