{"id":38003,"date":"2023-01-10T17:00:05","date_gmt":"2023-01-10T22:00:05","guid":{"rendered":"https:\/\/veneportal.com\/noticias\/2023\/01\/10\/mas-de-400-cubanos-deportados-desde-el-fin-de-semana-tras-arribar-a-estados-unidos-en-balsa\/"},"modified":"2023-01-10T17:00:05","modified_gmt":"2023-01-10T22:00:05","slug":"mas-de-400-cubanos-deportados-desde-el-fin-de-semana-tras-arribar-a-estados-unidos-en-balsa","status":"publish","type":"post","link":"https:\/\/veneportal.com\/noticias\/2023\/01\/10\/mas-de-400-cubanos-deportados-desde-el-fin-de-semana-tras-arribar-a-estados-unidos-en-balsa\/","title":{"rendered":"M\u00e1s de 400 cubanos deportados desde el fin de semana tras arribar a Estados Unidos en balsa"},"content":{"rendered":"<p>[iframe src=&#8221;https:\/\/www.vozdeamerica.com\/embed\/player\/0\/6912663.html?type=video&#8221; width=&#8221;640&#8243; height=&#8221;360&#8243; frameborder=&#8221;0&#8243; scrolling=&#8221;no&#8221; allowfullscreen=&#8221;allowfullscreen&#8221;]<\/p>\n<p>Tras la entrada en vigencia de las recientes medidas migratorias en EE.UU. la Guardia Costera increment\u00f3 la repatriaci\u00f3n de migrantes cubanos que intentaban llegar a Florida de manera ilegal. ONGs pro-inmigrantes a quienes entrevist\u00f3 Jos\u00e9 Pernalete, estiman q el flujo de cubanos va a disminuir.<\/p>\n<div class=\"venep-after-content venep-entity-placement\" id=\"venep-3973388756\"><div id=\"venep-1694717731\"><a href=\"https:\/\/veneportal.com\/clasificados\/listing\/nativoapparel\/\" aria-label=\"nativo apparel\"><img src=\"https:\/\/veneportal.com\/noticias\/wp-content\/uploads\/sites\/2\/2021\/07\/5.png\" alt=\"nativo apparel\"  width=\"300\" height=\"250\"   \/><\/a><\/div><\/div>","protected":false},"excerpt":{"rendered":"<p>M\u00e1s de 400 cubanos deportados desde el fin de semana tras arribar a Estados Unidos en balsaTras la entrada en vigencia de las recientes medidas migratorias en EE.UU. la Guardia Costera increment\u00f3 la repatriaci\u00f3n de migrantes cubanos que intentaban llegar a Florida de manera ilegal. ONGs pro-inmigrantes a quienes entrevist\u00f3 Jos\u00e9 Pernalete, estiman q el flujo de cubanos va a disminuir.<\/p>\n","protected":false},"author":1287,"featured_media":38004,"comment_status":"open","ping_status":"open","sticky":false,"template":"","format":"video","meta":{"footnotes":""},"categories":[93],"tags":[],"class_list":["post-38003","post","type-post","status-publish","format-video","has-post-thumbnail","hentry","category-multimedia","post_format-post-format-video"],"_links":{"self":[{"href":"https:\/\/veneportal.com\/noticias\/wp-json\/wp\/v2\/posts\/38003","targetHints":{"allow":["GET"]}}],"collection":[{"href":"https:\/\/veneportal.com\/noticias\/wp-json\/wp\/v2\/posts"}],"about":[{"href":"https:\/\/veneportal.com\/noticias\/wp-json\/wp\/v2\/types\/post"}],"author":[{"embeddable":true,"href":"https:\/\/veneportal.com\/noticias\/wp-json\/wp\/v2\/users\/1287"}],"replies":[{"embeddable":true,"href":"https:\/\/veneportal.com\/noticias\/wp-json\/wp\/v2\/comments?post=38003"}],"version-history":[{"count":0,"href":"https:\/\/veneportal.com\/noticias\/wp-json\/wp\/v2\/posts\/38003\/revisions"}],"wp:featuredmedia":[{"embeddable":true,"href":"https:\/\/veneportal.com\/noticias\/wp-json\/wp\/v2\/media\/38004"}],"wp:attachment":[{"href":"https:\/\/veneportal.com\/noticias\/wp-json\/wp\/v2\/media?parent=38003"}],"wp:term":[{"taxonomy":"category","embeddable":true,"href":"https:\/\/veneportal.com\/noticias\/wp-json\/wp\/v2\/categories?post=38003"},{"taxonomy":"post_tag","embeddable":true,"href":"https:\/\/veneportal.com\/noticias\/wp-json\/wp\/v2\/tags?post=38003"}],"curies":[{"name":"wp","href":"https:\/\/api.w.org\/{rel}","templated":true}]}}