{"id":37946,"date":"2023-01-09T23:00:05","date_gmt":"2023-01-10T04:00:05","guid":{"rendered":"https:\/\/veneportal.com\/noticias\/2023\/01\/09\/gustavo-petro-en-chile-el-pacto-democratico-en-las-americas-esta-en-peligro-2\/"},"modified":"2023-01-09T23:00:05","modified_gmt":"2023-01-10T04:00:05","slug":"gustavo-petro-en-chile-el-pacto-democratico-en-las-americas-esta-en-peligro-2","status":"publish","type":"post","link":"https:\/\/veneportal.com\/noticias\/2023\/01\/09\/gustavo-petro-en-chile-el-pacto-democratico-en-las-americas-esta-en-peligro-2\/","title":{"rendered":"Gustavo Petro en Chile: &#8220;El pacto democr\u00e1tico en las Am\u00e9ricas est\u00e1 en peligro&#8221;"},"content":{"rendered":"<p>Los presidentes de Colombia, Gustavo Petro y Chile, Gabriel Boric, unieron su voz contra el intento de golpe de Estado en Brasil y pidieron &#8220;unidad&#8221; para fortalecer las democracias, que consideran &#8220;en peligro&#8221;.En una comparecencia conjunta en La Moneda (sede del Gobierno chileno), ambos mandatarios confirmaron su intenci\u00f3n de pedir una reuni\u00f3n extraordinaria en la Organizaci\u00f3n de Estados Americanos (OEA) tras la crisis desatada el domingo por hordas de bolsonaristas que invadieron el Parlamento, la Presidencia y la Corte Suprema.<\/p>\n<p>&#8220;No puede haber matices. Estas acciones son inaceptables, los silencios c\u00f3mplices tambi\u00e9n, y no pueden ser relativizadas ni obviadas (&#8230;) Nuestra regi\u00f3n debe tener una clara posici\u00f3n al respecto&#8221;, indic\u00f3 Gabriel Boric.<\/p>\n<p>Miles de seguidores del expresidente Jair Bolsonaro, que no reconocen el resultado de las elecciones del pasado 30 de octubre y piden una &#8220;intervenci\u00f3n&#8221; militar que lo devuelva al poder, invadieron las sedes de los tres poderes del Estado y causaron cuantiosos da\u00f1os al mobiliario y los equipos inform\u00e1ticos.<\/p>\n<p>Petro: &#8220;La extrema derecha no quiere la democracia&#8221; <\/p>\n<p>La situaci\u00f3n est\u00e1 hoy bajo control, despu\u00e9s de la detenci\u00f3n de 300 manifestantes golpistas el domingo y otros 1.200 este mismo lunes que estaban refugiados en el campamento que ten\u00edan montado frente al Cuartel General del Ej\u00e9rcito desde las elecciones. <\/p>\n<p>&#8220;Est\u00e1 en peligro el pacto democr\u00e1tico en las Am\u00e9ricas&#8221;, dijo por su parte Petro, quien comenz\u00f3 este lunes su primera visita oficial a Chile. El mandatario colombiano asegur\u00f3 que la extrema derecha &#8220;no quiere la democracia&#8221; y atenta contra ella porque &#8220;le quita privilegios&#8221; y &#8220;permite que la diversidad de nuestras poblaciones (&#8230;) sean due\u00f1as de nuestros propios pa\u00edses&#8221;.  <\/p>\n<p>&#8220;Como izquierdas, como progresismos, pero sobre todo como dem\u00f3cratas, independientemente de las opciones pol\u00edticas, tenemos el deber de reflexionar sobre c\u00f3mo profundizamos y fortalecemos las democracias en nuestra regi\u00f3n y en el mundo&#8221;, a\u00f1adi\u00f3 Boric.<\/p>\n<p>Tanto Boric como Petro se pronunciaron la v\u00edspera en sus redes sociales con contundentes mensajes a favor de Luiz In\u00e1cio Lula da Silva, con el que tienen grandes afinidades ideol\u00f3gicas y a cuya investidura acudieron el pasado 1 de enero.<\/p>\n<p>Boric: &#8220;La paz de Colombia es tambi\u00e9n la paz de la regi\u00f3n&#8221;<\/p>\n<p>Es el tercer encuentro entre Boric y Petro desde que ambos asumieron la jefatura de sus distintos pa\u00edses en marzo y agosto, respectivamente, lo que evidencia su cercan\u00eda y su voluntad de trabajar juntos. &#8220;Mientras m\u00e1s unidos estemos, mejor estaremos como regi\u00f3n&#8221;, subray\u00f3 Boric, quien confirm\u00f3 su asistencia a la cumbre de la Comunidad de Estados Latinoamericanos y Caribe\u00f1os (Celac) que se celebrar\u00e1 dentro de dos semanas en Buenos Aires.<\/p>\n<p>Entre los temas abordados por ambos l\u00edderes se encuentra la crisis migratoria desatada por los \u00e9xodos venezolano y haitiano, la &#8220;necesidad&#8221; de alcanzar una posici\u00f3n regional conjunta frente al cambio clim\u00e1tico o el proceso de paz de Colombia. Petro asegur\u00f3 que un &#8220;acuerdo satelital&#8221; con Chile permitir\u00eda a Colombia &#8220;tener la informaci\u00f3n catastral de las posesi\u00f3n de la tierra f\u00e9rtil&#8221; y &#8220;avanzar en la paz&#8221; y &#8220;aplicar el primer punto entre el Estado y la antigua guerrilla de las FARC&#8221;. <\/p>\n<p>&#8220;La paz de Colombia es tambi\u00e9n la paz de la regi\u00f3n, una paz que no podemos dejar de construir y que, tambi\u00e9n, Chile est\u00e1 firmemente comprometido&#8221;, apunt\u00f3 Boric. Tras la reuni\u00f3n bilateral, Petro mantendr\u00e1 un encuentro con la alcaldesa de Santiago, la comunista Iraci Hasler, que le entregar\u00e1 las llaves de la ciudad y le nombrar\u00e1 ciudadano honorario.<\/p>\n<p>Tambi\u00e9n ser\u00e1 recibido en la tarde por los presidentes del Senado, \u00c1lvaro Elizalde Soto, y de la C\u00e1mara de Diputados, Vlado Mirosevic, y el martes, antes de regresar a Bogot\u00e1, visitar\u00e1 la Corte Suprema chilena.<\/p>\n<p>jov (efe, elespectador)<\/p>\n<div class=\"venep-after-content venep-entity-placement\" id=\"venep-1380653710\"><div id=\"venep-2991130753\"><a href=\"https:\/\/veneportal.com\/precios-premium\/\" aria-label=\"anuncios digitales $1 veneportal\"><img src=\"https:\/\/veneportal.com\/noticias\/wp-content\/uploads\/sites\/2\/2021\/03\/anuncios-digitals-1.png\" alt=\"anuncios digitales $1 veneportal\"  srcset=\"https:\/\/veneportal.com\/noticias\/wp-content\/uploads\/sites\/2\/2021\/03\/anuncios-digitals-1.png 1748w, https:\/\/veneportal.com\/noticias\/wp-content\/uploads\/sites\/2\/2021\/03\/anuncios-digitals-1-300x213.png 300w, https:\/\/veneportal.com\/noticias\/wp-content\/uploads\/sites\/2\/2021\/03\/anuncios-digitals-1-1024x726.png 1024w, https:\/\/veneportal.com\/noticias\/wp-content\/uploads\/sites\/2\/2021\/03\/anuncios-digitals-1-768x545.png 768w, https:\/\/veneportal.com\/noticias\/wp-content\/uploads\/sites\/2\/2021\/03\/anuncios-digitals-1-1536x1090.png 1536w, https:\/\/veneportal.com\/noticias\/wp-content\/uploads\/sites\/2\/2021\/03\/anuncios-digitals-1-600x426.png 600w\" sizes=\"(max-width: 1748px) 100vw, 1748px\" width=\"1748\" height=\"1240\"   \/><\/a><\/div><\/div>","protected":false},"excerpt":{"rendered":"<p>Los presidentes de Colombia, Gustavo Petro y Chile, Gabriel Boric, unieron su voz contra el intento de golpe de Estado en Brasil y pidieron &#8220;unidad&#8221; para fortalecer las democracias, que&hellip; <\/p>\n","protected":false},"author":505,"featured_media":37937,"comment_status":"open","ping_status":"open","sticky":false,"template":"","format":"standard","meta":{"footnotes":""},"categories":[84],"tags":[],"class_list":["post-37946","post","type-post","status-publish","format-standard","has-post-thumbnail","hentry","category-america-latina"],"_links":{"self":[{"href":"https:\/\/veneportal.com\/noticias\/wp-json\/wp\/v2\/posts\/37946","targetHints":{"allow":["GET"]}}],"collection":[{"href":"https:\/\/veneportal.com\/noticias\/wp-json\/wp\/v2\/posts"}],"about":[{"href":"https:\/\/veneportal.com\/noticias\/wp-json\/wp\/v2\/types\/post"}],"author":[{"embeddable":true,"href":"https:\/\/veneportal.com\/noticias\/wp-json\/wp\/v2\/users\/505"}],"replies":[{"embeddable":true,"href":"https:\/\/veneportal.com\/noticias\/wp-json\/wp\/v2\/comments?post=37946"}],"version-history":[{"count":0,"href":"https:\/\/veneportal.com\/noticias\/wp-json\/wp\/v2\/posts\/37946\/revisions"}],"wp:featuredmedia":[{"embeddable":true,"href":"https:\/\/veneportal.com\/noticias\/wp-json\/wp\/v2\/media\/37937"}],"wp:attachment":[{"href":"https:\/\/veneportal.com\/noticias\/wp-json\/wp\/v2\/media?parent=37946"}],"wp:term":[{"taxonomy":"category","embeddable":true,"href":"https:\/\/veneportal.com\/noticias\/wp-json\/wp\/v2\/categories?post=37946"},{"taxonomy":"post_tag","embeddable":true,"href":"https:\/\/veneportal.com\/noticias\/wp-json\/wp\/v2\/tags?post=37946"}],"curies":[{"name":"wp","href":"https:\/\/api.w.org\/{rel}","templated":true}]}}