{"id":37942,"date":"2023-01-09T23:00:05","date_gmt":"2023-01-10T04:00:05","guid":{"rendered":"https:\/\/veneportal.com\/noticias\/2023\/01\/09\/brasil-miles-protestan-contra-ataques-bolsonaristas-a-la-democracia\/"},"modified":"2023-01-09T23:00:05","modified_gmt":"2023-01-10T04:00:05","slug":"brasil-miles-protestan-contra-ataques-bolsonaristas-a-la-democracia","status":"publish","type":"post","link":"https:\/\/veneportal.com\/noticias\/2023\/01\/09\/brasil-miles-protestan-contra-ataques-bolsonaristas-a-la-democracia\/","title":{"rendered":"Brasil: miles protestan contra ataques bolsonaristas a la democracia"},"content":{"rendered":"<p>Paralelamente, Lula encabez\u00f3 una declaraci\u00f3n conjunta con los titulares del Senado, la C\u00e1mara de los Diputados y el Supremo Tribunal Federal.Miles de personas se congregaron este lunes (09.01.2023) en las principales ciudades de Brasil para repudiar los ataques del 8 de enero perpetrados a las sedes de los tres poderes por grupos de bolsonaristas radicales que buscaban derrocar el Gobierno de Luiz In\u00e1cio Lula da Silva.<\/p>\n<p>Desde varios rincones del pa\u00eds, los grupos de manifestantes pidieron castigo para quienes participaron en los actos antidemocr\u00e1ticos y para el expresidente Jair Bolsonaro, a quien acusan de incitar las violentas acciones. Gigantescos carteles con las frases &#8220;\u00a1El fascismo no vencer\u00e1!&#8221; &#8220;Sin amnist\u00eda para los golpistas&#8221;, &#8220;Brasil contra el terrorismo&#8221; y &#8220;Democracia en paz&#8221; inundaron las principales v\u00edas y plazas del pa\u00eds.<\/p>\n<p>Convocadas por centrales sindicales y partidos de izquierda las protestas se extend\u00edan por al menos once de los 27 estados del pa\u00eds. En Sao Paulo, la Avenida Paulista -la m\u00e1s ic\u00f3nica v\u00eda de la ciudad- estaba a reventar con manifestantes, en su mayor\u00eda j\u00f3venes, muchos vestidos de rojo, el color con el que se identifica la izquierda brasile\u00f1a.<\/p>\n<p>Igual ocurri\u00f3 en la Plaza Cinelandia, el tradicional lugar de protestas en R\u00edo de Janeiro, donde cientos de personas brasile\u00f1as se congregaron para decir &#8220;no al terrorismo&#8221; bajo un techo de sombrillas por la lluvia. &#8220;\u00a1Sin amnist\u00eda, sin amnist\u00eda, sin amnist\u00eda!&#8221; fue el coro m\u00e1s escuchado en todas las manifestaciones, as\u00ed como consignas a favor de la democracia y pedidos para que Bolsonaro fuera encarcelado.<\/p>\n<p>Las protestas tuvieron mayor repercusi\u00f3n en el noreste y en el sureste del pa\u00eds, pero poco se vieron al sur de Brasil, regiones tradicionalmente de derecha.<\/p>\n<p>Hasta el momento, han sido arrestadas unas 1.500 personas por el ataque a las sedes del poder y se adelantan las investigaciones para conocer qui\u00e9n estuvo detr\u00e1s del intento de golpe Estado. La mayor\u00eda de las personas detenidas, seg\u00fan el ministro de Justicia y Seguridad, Flavio Dino, estaban en un campamento en Brasilia desde donde salieron buena parte de los atacantes y que fue desmantelado este lunes tras una orden de un juez de la Corte Suprema.<\/p>\n<p>Polic\u00edas y militares tambi\u00e9n levantaron estructuras similares en Rio de Janeiro y Sao Paulo, instaladas al frente de centros del Ej\u00e9rcito desde hace dos meses para exigir una intervenci\u00f3n militar que pretend\u00eda impedir el regreso de Lula al poder.<\/p>\n<p>Lula con respaldo para condenar a &#8220;v\u00e1ndalos&#8221;<\/p>\n<p>En tanto, Lula da Silva obtuvo un fuerte respaldo del poder pol\u00edtico y judicial de Brasil. &#8220;No vamos a permitir que la democracia escape de nuestras manos&#8221;, prometi\u00f3 el izquierdista la noche del lunes en una reuni\u00f3n con 23 de los 27 gobernadores en Brasilia, tras la cual baj\u00f3 por la rampa del Palacio de Planalto, la casa de Gobierno, que sufri\u00f3 da\u00f1os de consideraci\u00f3n, con los jefes estatales hacia la Corte Suprema.<\/p>\n<p>El mandatario de 77 a\u00f1os, que asumi\u00f3 el poder por tercera vez hace una semana tras vencer a Bolsonaro en las presidenciales de octubre, hab\u00eda encabezado m\u00e1s temprano una inusual declaraci\u00f3n conjunta con los titulares del Senado, la C\u00e1mara de los Diputados y el Supremo Tribunal Federal.<\/p>\n<p>Los titulares de los tres poderes del Estado cerraron filas contra los &#8220;actos de terrorismo&#8221; del 8 de enero, cuando miles de simpatizantes del expresidente de extrema derecha invadieron durante casi cuatro horas las sedes de la Presidencia, el Congreso y la Corte Suprema exigiendo una intervenci\u00f3n militar para sacar a Lula del poder.<\/p>\n<p>ama (efe, afp, dpa, ap, reuters)<\/p>\n<div class=\"venep-after-content venep-entity-placement\" id=\"venep-3265370162\"><div id=\"venep-2022470986\"><div class=\"d5oMvf\">\r\n<div class=\"cfxYMc JfZTW c4Djg MUxGbd v0nnCb\" role=\"heading\" aria-level=\"3\"><a href=\"https:\/\/veneportal.com\/precios-publicidad-para-mi-negocio\/#premium\">Advertising en Espa&ntilde;ol<\/a> - Desde $1 por dia&nbsp;<a href=\"https:\/\/veneportal.com\/precios-publicidad-para-mi-negocio\/#premium\" target=\"_blank\" rel=\"noopener\">en Veneportal<\/a>\r\n<div id=\"wta_async_s0\" class=\"k1sBMc yp\" data-jiis=\"up\" data-async-type=\"wta\" data-async-context-required=\"wtad\" data-ved=\"2ahUKEwiBl6fL-cTvAhXIHM0KHUthBqsQqa8FegQIAhAC\">&nbsp;<\/div>\r\n<div class=\"rIbAWc\" tabindex=\"0\" role=\"button\" aria-expanded=\"false\" aria-haspopup=\"true\">El advertising en Espa&ntilde;ol mas econ&oacute;mico. Avisos tipo google ads en el portal de noticias en Espa&ntilde;ol mas importante a escala global!<\/div>\r\n<\/div>\r\n<\/div>\r\n<div class=\"MUxGbd lyLwlc aLF0Z\">\r\n<div class=\"Hk2yDb KsR1A\" role=\"img\" aria-label=\"Rated 4.5 out of 5\">&nbsp;<\/div>\r\n&nbsp;<\/div><\/div><\/div>","protected":false},"excerpt":{"rendered":"<p>Paralelamente, Lula encabez\u00f3 una declaraci\u00f3n conjunta con los titulares del Senado, la C\u00e1mara de los Diputados y el Supremo Tribunal Federal.Miles de personas se congregaron este lunes (09.01.2023) en las&hellip; <\/p>\n","protected":false},"author":505,"featured_media":37943,"comment_status":"open","ping_status":"open","sticky":false,"template":"","format":"standard","meta":{"footnotes":""},"categories":[84],"tags":[],"class_list":["post-37942","post","type-post","status-publish","format-standard","has-post-thumbnail","hentry","category-america-latina"],"_links":{"self":[{"href":"https:\/\/veneportal.com\/noticias\/wp-json\/wp\/v2\/posts\/37942","targetHints":{"allow":["GET"]}}],"collection":[{"href":"https:\/\/veneportal.com\/noticias\/wp-json\/wp\/v2\/posts"}],"about":[{"href":"https:\/\/veneportal.com\/noticias\/wp-json\/wp\/v2\/types\/post"}],"author":[{"embeddable":true,"href":"https:\/\/veneportal.com\/noticias\/wp-json\/wp\/v2\/users\/505"}],"replies":[{"embeddable":true,"href":"https:\/\/veneportal.com\/noticias\/wp-json\/wp\/v2\/comments?post=37942"}],"version-history":[{"count":0,"href":"https:\/\/veneportal.com\/noticias\/wp-json\/wp\/v2\/posts\/37942\/revisions"}],"wp:featuredmedia":[{"embeddable":true,"href":"https:\/\/veneportal.com\/noticias\/wp-json\/wp\/v2\/media\/37943"}],"wp:attachment":[{"href":"https:\/\/veneportal.com\/noticias\/wp-json\/wp\/v2\/media?parent=37942"}],"wp:term":[{"taxonomy":"category","embeddable":true,"href":"https:\/\/veneportal.com\/noticias\/wp-json\/wp\/v2\/categories?post=37942"},{"taxonomy":"post_tag","embeddable":true,"href":"https:\/\/veneportal.com\/noticias\/wp-json\/wp\/v2\/tags?post=37942"}],"curies":[{"name":"wp","href":"https:\/\/api.w.org\/{rel}","templated":true}]}}