{"id":37938,"date":"2023-01-09T18:02:04","date_gmt":"2023-01-09T23:02:04","guid":{"rendered":"https:\/\/veneportal.com\/noticias\/2023\/01\/09\/peru-prohibe-el-ingreso-de-evo-morales-por-afectar-la-seguridad-nacional\/"},"modified":"2023-01-09T18:02:04","modified_gmt":"2023-01-09T23:02:04","slug":"peru-prohibe-el-ingreso-de-evo-morales-por-afectar-la-seguridad-nacional","status":"publish","type":"post","link":"https:\/\/veneportal.com\/noticias\/2023\/01\/09\/peru-prohibe-el-ingreso-de-evo-morales-por-afectar-la-seguridad-nacional\/","title":{"rendered":"Per\u00fa proh\u00edbe el ingreso de Evo Morales por afectar &#8220;la seguridad nacional&#8221;"},"content":{"rendered":"<p>Per\u00fa vet\u00f3 el ingreso al expresidente boliviano Evo Morales por &#8220;intervenir&#8221; en los asuntos de pol\u00edtica interna, sumido en una grave crisis institucional y pol\u00edtica, inform\u00f3 el ministerio del Interior.&#8221;Se dispuso el registro del impedimento del ingreso al pa\u00eds, a trav\u00e9s de todos los puestos de control migratorio, de nueve ciudadanos de nacionalidad boliviana, entre quienes se incluye al se\u00f1or Juan Evo Morales Ayma&#8221;, indic\u00f3 la cartera en referencia al exmandatario que ha expresado su apoyo a las protestas contra el gobierno de la presidenta peruana Dina Boluarte.<\/p>\n<p>&#8220;Extranjeros haciendo proselitismo en Per\u00fa&#8221;<\/p>\n<p>El Gobierno de Per\u00fa inform\u00f3 este lunes que ha prohibido la entrada al pa\u00eds del expresidente boliviano Evo Morales y otros ocho ciudadanos de ese pa\u00eds, a los que acusa de haber efectuado &#8220;actividades de \u00edndole pol\u00edtica proselitista&#8221; que han afectado la &#8220;seguridad nacional&#8221; de Per\u00fa.<\/p>\n<p>&#8220;En los \u00faltimos meses se ha identificado a ciudadanos extranjeros, de nacionalidad boliviana, que ingresaron al pa\u00eds para efectuar actividades de \u00edndole pol\u00edtica proselitista, lo que constituye una clara afectaci\u00f3n a nuestra legislaci\u00f3n migratoria, a la seguridad nacional y al orden interno del Per\u00fa&#8221;, remarc\u00f3 el Ministerio del Interior en un comunicado.<\/p>\n<p>MinInteriores de Per\u00fa: &#8220;Evo Morales <\/p>\n<p>El primer ministro de Per\u00fa, Alberto Ot\u00e1rola, acus\u00f3 al expresidente boliviano Evo Morales de tener &#8220;una activa participaci\u00f3n pol\u00edtica en el sur&#8221; y &#8220;afectar directamente&#8221; las normas del pa\u00eds, poco despu\u00e9s de conocerse que el Ejecutivo hab\u00eda prohibido el ingreso al exmandatario. <\/p>\n<p>&#8220;Evo Morales (&#8230;) ten\u00eda una activa participaci\u00f3n pol\u00edtica en el sur del pa\u00eds, aplicando estrictamente la ley de migraciones. La Superintendencia Nacional de Migraciones ha decidido el impedimento de ingreso al Per\u00fa de Evo Morales (&#8230;) por afectar directamente las normas de Per\u00fa&#8221;, dijo Ot\u00e1rola en una declaraci\u00f3n la que explic\u00f3 los motivos por los que el Gobierno decidi\u00f3 impedir el ingreso del expresidente y otras ocho personas. <\/p>\n<p>Concretamente, se refiri\u00f3 al art\u00edculo 48 de la ley que &#8220;establece que no ingresa al Per\u00fa cualquier persona que amenaza o solivianta el orden interno&#8221;. <\/p>\n<p>&#8220;No volver\u00e1 a entrar m\u00e1s a nuestro Per\u00fa a no ser que se levante este impedimento establecido en las normas internas&#8221;, detall\u00f3 el jefe de gabinete.  A juicio de Ot\u00e1rola, esas nueve personas -Morales incluido- &#8220;han estado muy activos propiciando una situaci\u00f3n de crisis&#8221; y asegur\u00f3 que la decisi\u00f3n &#8220;firme y de emergencia&#8221; ha &#8220;sido tomada en beneficio de la vida y la integridad de todos los peruanos&#8221;. <\/p>\n<p>Las manifestaciones antigubernamentales que comenzaron el pasado 7 de diciembre tras el fallido autogolpe de Estado del entonces presidente Pedro Castillo se han concentrado tras una tregua navide\u00f1a en el sur del pa\u00eds, especialmente en el departamento de Puno, fronterizo con Bolivia. <\/p>\n<p>jov (efe, afp)<\/p>\n<div class=\"venep-after-content venep-entity-placement\" id=\"venep-167101253\"><div id=\"venep-3891099920\"><a href=\"https:\/\/www.silverstarfinancialservices.com\/\" aria-label=\"silverstar financial\"><img src=\"https:\/\/veneportal.com\/noticias\/wp-content\/uploads\/sites\/2\/2022\/06\/silverstar-financial-2.png\" alt=\"silverstar financial\"  srcset=\"https:\/\/veneportal.com\/noticias\/wp-content\/uploads\/sites\/2\/2022\/06\/silverstar-financial-2.png 1748w, https:\/\/veneportal.com\/noticias\/wp-content\/uploads\/sites\/2\/2022\/06\/silverstar-financial-2-300x213.png 300w, https:\/\/veneportal.com\/noticias\/wp-content\/uploads\/sites\/2\/2022\/06\/silverstar-financial-2-1024x726.png 1024w, https:\/\/veneportal.com\/noticias\/wp-content\/uploads\/sites\/2\/2022\/06\/silverstar-financial-2-768x545.png 768w, https:\/\/veneportal.com\/noticias\/wp-content\/uploads\/sites\/2\/2022\/06\/silverstar-financial-2-1536x1090.png 1536w, https:\/\/veneportal.com\/noticias\/wp-content\/uploads\/sites\/2\/2022\/06\/silverstar-financial-2-600x426.png 600w\" sizes=\"(max-width: 1748px) 100vw, 1748px\" width=\"559\" height=\"397\"   \/><\/a><\/div><\/div>","protected":false},"excerpt":{"rendered":"<p>Per\u00fa vet\u00f3 el ingreso al expresidente boliviano Evo Morales por &#8220;intervenir&#8221; en los asuntos de pol\u00edtica interna, sumido en una grave crisis institucional y pol\u00edtica, inform\u00f3 el ministerio del Interior.&#8221;Se&hellip; <\/p>\n","protected":false},"author":505,"featured_media":37939,"comment_status":"open","ping_status":"open","sticky":false,"template":"","format":"standard","meta":{"footnotes":""},"categories":[81],"tags":[],"class_list":["post-37938","post","type-post","status-publish","format-standard","has-post-thumbnail","hentry","category-actualidad"],"_links":{"self":[{"href":"https:\/\/veneportal.com\/noticias\/wp-json\/wp\/v2\/posts\/37938","targetHints":{"allow":["GET"]}}],"collection":[{"href":"https:\/\/veneportal.com\/noticias\/wp-json\/wp\/v2\/posts"}],"about":[{"href":"https:\/\/veneportal.com\/noticias\/wp-json\/wp\/v2\/types\/post"}],"author":[{"embeddable":true,"href":"https:\/\/veneportal.com\/noticias\/wp-json\/wp\/v2\/users\/505"}],"replies":[{"embeddable":true,"href":"https:\/\/veneportal.com\/noticias\/wp-json\/wp\/v2\/comments?post=37938"}],"version-history":[{"count":0,"href":"https:\/\/veneportal.com\/noticias\/wp-json\/wp\/v2\/posts\/37938\/revisions"}],"wp:featuredmedia":[{"embeddable":true,"href":"https:\/\/veneportal.com\/noticias\/wp-json\/wp\/v2\/media\/37939"}],"wp:attachment":[{"href":"https:\/\/veneportal.com\/noticias\/wp-json\/wp\/v2\/media?parent=37938"}],"wp:term":[{"taxonomy":"category","embeddable":true,"href":"https:\/\/veneportal.com\/noticias\/wp-json\/wp\/v2\/categories?post=37938"},{"taxonomy":"post_tag","embeddable":true,"href":"https:\/\/veneportal.com\/noticias\/wp-json\/wp\/v2\/tags?post=37938"}],"curies":[{"name":"wp","href":"https:\/\/api.w.org\/{rel}","templated":true}]}}