{"id":33235,"date":"2022-10-29T23:00:03","date_gmt":"2022-10-30T03:00:03","guid":{"rendered":"https:\/\/veneportal.com\/noticias\/2022\/10\/29\/senadora-colombiana-sale-ilesa-tras-sufrir-un-atentado\/"},"modified":"2022-10-29T23:00:03","modified_gmt":"2022-10-30T03:00:03","slug":"senadora-colombiana-sale-ilesa-tras-sufrir-un-atentado","status":"publish","type":"post","link":"https:\/\/veneportal.com\/noticias\/2022\/10\/29\/senadora-colombiana-sale-ilesa-tras-sufrir-un-atentado\/","title":{"rendered":"Senadora colombiana sale ilesa tras sufrir un atentado"},"content":{"rendered":"<p>La legisladora y dirigente ind\u00edgena A\u00edda Quilcu\u00e9 ha venido denunciando amenazas desde hace cuatro a\u00f1os. Su esposo, Edwin Legarda, fue asesinado en un atentado a fines de 2008.La senadora colombiana Aida Quilcu\u00e9, elegida en el curul por la circunscripci\u00f3n ind\u00edgena, denunci\u00f3 el s\u00e1bado (29.10.2022) haber sido v\u00edctima de un atentado contra el veh\u00edculo en el que se movilizaba con su equipo de seguridad del que ha salido ilesa.<\/p>\n<p>El atentado se produjo entre la v\u00eda de Popay\u00e1n a la Plata en el sector de Junta, explic\u00f3 Quilcu\u00e9, que se encontraba  visitando comunidades ind\u00edgenas en el ejercicio de su labor pol\u00edtica. El ataque ocurri\u00f3 en el municipio de Guadualejo, una zona rural del Cauca, en el suroeste de Colombia.<\/p>\n<p>&#8220;El carro sufri\u00f3 varios impactos pero salimos bien gracias a Dios del sitio&#8221;, dijo la senadora, que asegura que lleva recibiendo amenazas desde 2018 y ha presentado m\u00e1s de 120 denuncias.<\/p>\n<p>El representante especial del secretario general de la ONU en Colombia, Carlos Ruiz Massieu, rechaz\u00f3 el atentado y asegur\u00f3 que su &#8220;ejercicio pol\u00edtico, en pro de comunidades ind\u00edgenas y derechos humanos, es fundamental para consolidar la paz en Colombia&#8221;.<\/p>\n<p>La camioneta de su esquema de seguridad recibi\u00f3 al menos seis disparos, seg\u00fan el relato de la senadora del partido ind\u00edgena Mais -que est\u00e1 integrado en la coalici\u00f3n gobernante-, que impactaron en los vidrios, en la carrocer\u00eda y en las llantas.<\/p>\n<p>Seg\u00fan explic\u00f3, los autores fueron &#8220;grupos que se mueven en los territorios&#8221;, sin especificar ninguno en particular, ya que &#8220;en el departamento del Cauca hist\u00f3ricamente ha sido sistem\u00e1tico y en estos tiempos se ha agudizado la guerra&#8221;.<\/p>\n<p>&#8220;Para ninguno de los l\u00edderes sociales o autoridades ind\u00edgenas es seguro (este lugar) en estos momentos&#8221;, lament\u00f3 Quilcu\u00e9.<\/p>\n<p>La Organizaci\u00f3n Nacional Ind\u00edgena de Colombia (ONIC) denunci\u00f3 en 2017 que Quilcu\u00e9, junto a otros l\u00edderes ind\u00edgenas del Cauca, eran v\u00edctimas de amenazas de muerte, despu\u00e9s de que defendieran una &#8220;minga&#8221; (forma de protesta ind\u00edgena) para exigir al gobierno que respetasen sus derechos.<\/p>\n<p>gs (efe, El Tiempo, W Radio Colombia)<\/p>\n<div class=\"venep-after-content venep-entity-placement\" id=\"venep-2748420531\"><div id=\"venep-1065516075\"><script async src=\"https:\/\/pagead2.googlesyndication.com\/pagead\/js\/adsbygoogle.js?client=ca-pub-5862940809620110\"\r\n     crossorigin=\"anonymous\"><\/script>\r\n<ins class=\"adsbygoogle\"\r\n     style=\"display:block\"\r\n     data-ad-format=\"fluid\"\r\n     data-ad-layout-key=\"-6t+ed+2i-1n-4w\"\r\n     data-ad-client=\"ca-pub-5862940809620110\"\r\n     data-ad-slot=\"7946604715\"><\/ins>\r\n<script>\r\n     (adsbygoogle = window.adsbygoogle || []).push({});\r\n<\/script><\/div><\/div>","protected":false},"excerpt":{"rendered":"<p>La legisladora y dirigente ind\u00edgena A\u00edda Quilcu\u00e9 ha venido denunciando amenazas desde hace cuatro a\u00f1os. Su esposo, Edwin Legarda, fue asesinado en un atentado a fines de 2008.La senadora colombiana&hellip; <\/p>\n","protected":false},"author":505,"featured_media":7765,"comment_status":"open","ping_status":"open","sticky":false,"template":"","format":"standard","meta":{"footnotes":""},"categories":[84],"tags":[],"class_list":["post-33235","post","type-post","status-publish","format-standard","has-post-thumbnail","hentry","category-america-latina"],"_links":{"self":[{"href":"https:\/\/veneportal.com\/noticias\/wp-json\/wp\/v2\/posts\/33235","targetHints":{"allow":["GET"]}}],"collection":[{"href":"https:\/\/veneportal.com\/noticias\/wp-json\/wp\/v2\/posts"}],"about":[{"href":"https:\/\/veneportal.com\/noticias\/wp-json\/wp\/v2\/types\/post"}],"author":[{"embeddable":true,"href":"https:\/\/veneportal.com\/noticias\/wp-json\/wp\/v2\/users\/505"}],"replies":[{"embeddable":true,"href":"https:\/\/veneportal.com\/noticias\/wp-json\/wp\/v2\/comments?post=33235"}],"version-history":[{"count":0,"href":"https:\/\/veneportal.com\/noticias\/wp-json\/wp\/v2\/posts\/33235\/revisions"}],"wp:featuredmedia":[{"embeddable":true,"href":"https:\/\/veneportal.com\/noticias\/wp-json\/wp\/v2\/media\/7765"}],"wp:attachment":[{"href":"https:\/\/veneportal.com\/noticias\/wp-json\/wp\/v2\/media?parent=33235"}],"wp:term":[{"taxonomy":"category","embeddable":true,"href":"https:\/\/veneportal.com\/noticias\/wp-json\/wp\/v2\/categories?post=33235"},{"taxonomy":"post_tag","embeddable":true,"href":"https:\/\/veneportal.com\/noticias\/wp-json\/wp\/v2\/tags?post=33235"}],"curies":[{"name":"wp","href":"https:\/\/api.w.org\/{rel}","templated":true}]}}