{"id":32946,"date":"2022-10-25T23:02:06","date_gmt":"2022-10-26T03:02:06","guid":{"rendered":"https:\/\/veneportal.com\/noticias\/2022\/10\/25\/tribunal-ordena-excarcelar-a-cunada-del-presidente-peruano-2\/"},"modified":"2022-10-25T23:02:06","modified_gmt":"2022-10-26T03:02:06","slug":"tribunal-ordena-excarcelar-a-cunada-del-presidente-peruano-2","status":"publish","type":"post","link":"https:\/\/veneportal.com\/noticias\/2022\/10\/25\/tribunal-ordena-excarcelar-a-cunada-del-presidente-peruano-2\/","title":{"rendered":"Tribunal ordena excarcelar a cu\u00f1ada del presidente peruano"},"content":{"rendered":"<p>Un tribunal de apelaciones de Per\u00fa orden\u00f3 excarcelar a Yenifer Paredes, tras revocar un fallo que la envi\u00f3 a prisi\u00f3n preventiva, por integrar una supuesta red de corrupci\u00f3n dirigida por el presidente Pedro Castillo.&#8221;Por mayor\u00eda (el tribunal) resolvi\u00f3 revocar la prisi\u00f3n preventiva impuesta a Yenifer Paredes Navarro, (y) se dispuso su excarcelaci\u00f3n&#8221;, indic\u00f3 el fallo de la Segunda Sala de Apelaciones de la Corte Superior Nacional.<\/p>\n<p>La cu\u00f1ada del presidente Pedro Castillo, de 26 a\u00f1os, afrontar\u00e1 la investigaci\u00f3n que mantiene la fiscal\u00eda en su contra en libertad, pero con una serie de medidas restrictivas como no ausentarse del lugar donde reside sin permiso de un juez.<\/p>\n<p>La defensa de Paredes, quien considera a Castillo y su esposa Lilia Paredes como sus padres putativos, apel\u00f3 hace un mes la orden judicial que la envi\u00f3 a prisi\u00f3n el 28 de agosto.<\/p>\n<p>La hermana de la primera dama Lilia Paredes se encuentra presa en el penal de mujeres de Chorrillos, en el sur de Lima, desde hace dos meses.<\/p>\n<p>Seg\u00fan la tesis de la fiscal\u00eda, Yenifer Paredes es parte de una presunta red de corrupci\u00f3n que conced\u00eda contratos de obras p\u00fablicas y de lavado de activos, dirigida por el mandatario izquierdista.<\/p>\n<p>Castillo habla de &#8220;nueva modalidad de golpe de Estado&#8221;<\/p>\n<p>Castillo, que defiende su inocencia y la de su familia, enfrenta seis investigaciones de la fiscal\u00eda, un hecho in\u00e9dito para un presidente en ejercicio en Per\u00fa.<\/p>\n<p>La fiscal\u00eda peruana present\u00f3 al Congreso el 11 de octubre una denuncia constitucional para solicitar un antejuicio pol\u00edtico al presidente.<\/p>\n<p>El pedido se encuentra en fase de evaluaci\u00f3n por el parlamento, dominado por la derecha, como parte de un proceso que puede tardar al menos tres meses.<\/p>\n<p>Sin embargo, no puede ser llevado a juicio porque tiene inmunidad hasta el fin de su mandato, en julio de 2026.<\/p>\n<p>El mandatario niega las acusaciones de corrupci\u00f3n y acusa a un sector de la oposici\u00f3n pol\u00edtica, del Poder Judicial y de la prensa de ejercer un &#8220;complot&#8221; en su contra para sacarlo del poder mediante una &#8220;nueva modalidad de golpe de Estado&#8221;.<\/p>\n<p>rml (afp, efe)<\/p>\n<div class=\"venep-after-content venep-entity-placement\" id=\"venep-4185716563\"><div id=\"venep-2769010843\"><script async src=\"https:\/\/pagead2.googlesyndication.com\/pagead\/js\/adsbygoogle.js?client=ca-pub-5862940809620110\"\r\n     crossorigin=\"anonymous\"><\/script>\r\n<ins class=\"adsbygoogle\"\r\n     style=\"display:block\"\r\n     data-ad-format=\"fluid\"\r\n     data-ad-layout-key=\"-6t+ed+2i-1n-4w\"\r\n     data-ad-client=\"ca-pub-5862940809620110\"\r\n     data-ad-slot=\"7946604715\"><\/ins>\r\n<script>\r\n     (adsbygoogle = window.adsbygoogle || []).push({});\r\n<\/script><\/div><\/div>","protected":false},"excerpt":{"rendered":"<p>Un tribunal de apelaciones de Per\u00fa orden\u00f3 excarcelar a Yenifer Paredes, tras revocar un fallo que la envi\u00f3 a prisi\u00f3n preventiva, por integrar una supuesta red de corrupci\u00f3n dirigida por&hellip; <\/p>\n","protected":false},"author":505,"featured_media":27566,"comment_status":"open","ping_status":"open","sticky":false,"template":"","format":"standard","meta":{"footnotes":""},"categories":[84],"tags":[],"class_list":["post-32946","post","type-post","status-publish","format-standard","has-post-thumbnail","hentry","category-america-latina"],"_links":{"self":[{"href":"https:\/\/veneportal.com\/noticias\/wp-json\/wp\/v2\/posts\/32946","targetHints":{"allow":["GET"]}}],"collection":[{"href":"https:\/\/veneportal.com\/noticias\/wp-json\/wp\/v2\/posts"}],"about":[{"href":"https:\/\/veneportal.com\/noticias\/wp-json\/wp\/v2\/types\/post"}],"author":[{"embeddable":true,"href":"https:\/\/veneportal.com\/noticias\/wp-json\/wp\/v2\/users\/505"}],"replies":[{"embeddable":true,"href":"https:\/\/veneportal.com\/noticias\/wp-json\/wp\/v2\/comments?post=32946"}],"version-history":[{"count":0,"href":"https:\/\/veneportal.com\/noticias\/wp-json\/wp\/v2\/posts\/32946\/revisions"}],"wp:featuredmedia":[{"embeddable":true,"href":"https:\/\/veneportal.com\/noticias\/wp-json\/wp\/v2\/media\/27566"}],"wp:attachment":[{"href":"https:\/\/veneportal.com\/noticias\/wp-json\/wp\/v2\/media?parent=32946"}],"wp:term":[{"taxonomy":"category","embeddable":true,"href":"https:\/\/veneportal.com\/noticias\/wp-json\/wp\/v2\/categories?post=32946"},{"taxonomy":"post_tag","embeddable":true,"href":"https:\/\/veneportal.com\/noticias\/wp-json\/wp\/v2\/tags?post=32946"}],"curies":[{"name":"wp","href":"https:\/\/api.w.org\/{rel}","templated":true}]}}