{"id":32899,"date":"2022-10-25T00:02:03","date_gmt":"2022-10-25T04:02:03","guid":{"rendered":"https:\/\/veneportal.com\/noticias\/2022\/10\/25\/gobierno-irani-reacciona-con-brutalidad-y-censura-a-las-protestas\/"},"modified":"2022-10-25T00:02:03","modified_gmt":"2022-10-25T04:02:03","slug":"gobierno-irani-reacciona-con-brutalidad-y-censura-a-las-protestas","status":"publish","type":"post","link":"https:\/\/veneportal.com\/noticias\/2022\/10\/25\/gobierno-irani-reacciona-con-brutalidad-y-censura-a-las-protestas\/","title":{"rendered":"Gobierno iran\u00ed reacciona con brutalidad y censura a las protestas"},"content":{"rendered":"<p>Los l\u00edderes de Ir\u00e1n reprimen con violencia la ola de protestas en las calles y en internet, y no se detienen ni siquiera ante los m\u00e1s d\u00e9biles.En varias partes de Ir\u00e1n contin\u00faan la protestas desatadas por la muerte de la joven kurda Jina Mahsa Amini  bajo custodia policial. El domingo (23.10.2022) comenz\u00f3 un boicot en escuelas de las provincias kurdas del noroeste, organizado por el mayor sindicato de maestros de Ir\u00e1n.<\/p>\n<p>Tambi\u00e9n se realizaron protestas en la Universidad Sharif, en Teher\u00e1n. Los estudiantes destrozaron los paneles que separan a hombres de mujeres en el comedor universitario. Adem\u00e1s, un grupo an\u00f3nimo de piratas inform\u00e1ticos logr\u00f3 acceder a datos y correos electr\u00f3nicos de la Organizaci\u00f3n de Energ\u00eda At\u00f3mica de Ir\u00e1n relacionados con el reactor de Bushehr, y los public\u00f3 en Telegram, seg\u00fan la agencia de noticias AP. El grupo demanda la liberaci\u00f3n de presos pol\u00edticos en el marco de las protestas.<\/p>\n<p>El mayor desaf\u00edo al sistema en Ir\u00e1n<\/p>\n<p>Lo que m\u00e1s pone en jaque al liderazgo y al sistema teocr\u00e1tico de los ayatol\u00e1s es que estas protestas lograron una amplia resonancia en la sociedad, mayor que la ola de manifestaciones de 2009, luego de la reelecci\u00f3n de Mahmud Ahmadineyad. Y mayor que las de diciembre de 2017 y noviembre de 2019, cuando la gente sali\u00f3 a las calles por la crisis econ\u00f3mica.<\/p>\n<p>La intensidad y la magnitud de estas protestas contra la muerte de Jina Mahsa Amini provocaron la movilizaci\u00f3n de los tres niveles de seguridad en Ir\u00e1n: la Polic\u00eda, los Guardias de la Revoluci\u00f3n y su subgrupo de paramilitares (Basidsh-e Mostaz&#8217;afin), y, en tercer lugar, fuerzas infociales de seguridad, que no usan uniforme. La caracter\u00edstica m\u00e1s importante de la represi\u00f3n de las actuales protestas es la intensidad y la violencia sin tapujos en esos tres niveles. En im\u00e1genes y videos en las redes sociales, se ve c\u00f3mo agentes de seguridad disparan a los manifestantes, los golpean, lanzan bombas lacrim\u00f3genas contra personas y autom\u00f3viles que pasan por el lugar, o a las ventanas de las viviendas, y entran violentamente a estas para detener a opositores.<\/p>\n<p>Amplio espectro de armas mortales<\/p>\n<p>Seg\u00fan dijo un participante de las protestas a DW, las fuerzas de seguridad disparan con armas letales regulares contra la gente, y tambi\u00e9n cuentan con pistolas de aire comprimido de dos tipos de municiones. &#8220;Una de ellas es dolorosa en extremo, y la otra pueden producir ceguera, e incluso la muerte si son disparadas desde cerca\u201d, explic\u00f3.<\/p>\n<p>La Rep\u00fablica Isl\u00e1mica no proporciona cifras exactas de las personas muertas y detenidas durante los operativos represivos. Seg\u00fan organizaciones de derechos humanos, han muerto ya m\u00e1s de 240 personas en diferentes ciudades iran\u00edes en hechos relacionados con las protestas. Seg\u00fan datos de Amnist\u00eda Internacional, entre ellos habr\u00eda al menos 23 menores de edad.<\/p>\n<p>Testigos oculares informaron que las fuerzas de seguridad no se detienen ni ante menores de edad ni ante personas mayores, y que han visto a agentes pegar &#8220;con dureza a personas con un bast\u00f3n en la cabeza y en el rostro, caus\u00e1ndoles, como m\u00ednimo, heridas graves\u201d.<\/p>\n<p>Las fuerzas represivas de Ir\u00e1n no cuentan, evidentemente, con suficientes agentes en los tres niveles mencionados, por lo cual el gobierno iran\u00ed recluta a j\u00f3venes, a grupos de choque y hasta a ni\u00f1os. Algunos de los miembros de los grupos de choque podr\u00edan ser prisioneros, ya que las im\u00e1genes muestran personas con tatuajes relacionados con la c\u00e1rcel. En las redes tambi\u00e9n hay fotos de ni\u00f1os en uniforme militar con bastones y escudos protectores.<\/p>\n<p>El acceso a internet es cada vez m\u00e1s dif\u00edcil<\/p>\n<p>El combate del liderazgo de Ir\u00e1n contra las protestas y los opositores no se solo se desarrolla en las calles, universidades y escuelas, sino tambi\u00e9n en internet. El gobierno iran\u00ed la considera un peligro potencial para el sistema dominante, a pesar de que tanto el ayatol\u00e1 Jamenei como varios altos funcionarios poseen cuentas en redes sociales y son muy activos en ellas.<\/p>\n<p>Para combatir a los opositores y con fines de propaganda hay m\u00e1s de 2.000 de los llamados &#8220;ciberbatallones\u201d en actividad. Cuando comenzaron a multiplicarse las protestas, al menos 10 activistas digitales fueron detenidos, entre ellos, el activista por los derechos humanos y la libertad en internet Hossein Ronaghi. Entretanto, solo se puede acceder a plataformas sociales como Facebook, Telegram, YouTube, Instagram y WhatsApp a trav\u00e9s de VPN. Despu\u00e9s de China y Birmania, Ir\u00e1n es, seg\u00fan el reciente informe de la ONG Freedom House, el tercer pa\u00eds con m\u00e1s limitaciones a internet.<\/p>\n<p>(cp\/ers)<\/p>\n<div class=\"venep-after-content venep-entity-placement\" id=\"venep-1703179836\"><div id=\"venep-3350157398\"><a href=\"https:\/\/veneportal.com\/precios-publicidad-para-mi-negocio\/#premium\" aria-label=\"300&#215;250 Banners your door to the hispanic market\"><img src=\"https:\/\/veneportal.com\/noticias\/wp-content\/uploads\/sites\/2\/2021\/03\/300x250-Banners-your-door-to-the-hispanic-market.png\" alt=\"\"  srcset=\"https:\/\/veneportal.com\/noticias\/wp-content\/uploads\/sites\/2\/2021\/03\/300x250-Banners-your-door-to-the-hispanic-market.png 900w, https:\/\/veneportal.com\/noticias\/wp-content\/uploads\/sites\/2\/2021\/03\/300x250-Banners-your-door-to-the-hispanic-market-300x250.png 300w, https:\/\/veneportal.com\/noticias\/wp-content\/uploads\/sites\/2\/2021\/03\/300x250-Banners-your-door-to-the-hispanic-market-768x640.png 768w, https:\/\/veneportal.com\/noticias\/wp-content\/uploads\/sites\/2\/2021\/03\/300x250-Banners-your-door-to-the-hispanic-market-600x500.png 600w\" sizes=\"(max-width: 900px) 100vw, 900px\" width=\"600\" height=\"400\"   \/><\/a><\/div><\/div>","protected":false},"excerpt":{"rendered":"<p>Los l\u00edderes de Ir\u00e1n reprimen con violencia la ola de protestas en las calles y en internet, y no se detienen ni siquiera ante los m\u00e1s d\u00e9biles.En varias partes de&hellip; <\/p>\n","protected":false},"author":505,"featured_media":32900,"comment_status":"open","ping_status":"open","sticky":false,"template":"","format":"standard","meta":{"footnotes":""},"categories":[85],"tags":[],"class_list":["post-32899","post","type-post","status-publish","format-standard","has-post-thumbnail","hentry","category-politica"],"_links":{"self":[{"href":"https:\/\/veneportal.com\/noticias\/wp-json\/wp\/v2\/posts\/32899","targetHints":{"allow":["GET"]}}],"collection":[{"href":"https:\/\/veneportal.com\/noticias\/wp-json\/wp\/v2\/posts"}],"about":[{"href":"https:\/\/veneportal.com\/noticias\/wp-json\/wp\/v2\/types\/post"}],"author":[{"embeddable":true,"href":"https:\/\/veneportal.com\/noticias\/wp-json\/wp\/v2\/users\/505"}],"replies":[{"embeddable":true,"href":"https:\/\/veneportal.com\/noticias\/wp-json\/wp\/v2\/comments?post=32899"}],"version-history":[{"count":0,"href":"https:\/\/veneportal.com\/noticias\/wp-json\/wp\/v2\/posts\/32899\/revisions"}],"wp:featuredmedia":[{"embeddable":true,"href":"https:\/\/veneportal.com\/noticias\/wp-json\/wp\/v2\/media\/32900"}],"wp:attachment":[{"href":"https:\/\/veneportal.com\/noticias\/wp-json\/wp\/v2\/media?parent=32899"}],"wp:term":[{"taxonomy":"category","embeddable":true,"href":"https:\/\/veneportal.com\/noticias\/wp-json\/wp\/v2\/categories?post=32899"},{"taxonomy":"post_tag","embeddable":true,"href":"https:\/\/veneportal.com\/noticias\/wp-json\/wp\/v2\/tags?post=32899"}],"curies":[{"name":"wp","href":"https:\/\/api.w.org\/{rel}","templated":true}]}}